{"events":[{"id":3074,"global_id":"www.collectifdromehandicap.fr?id=3074","global_id_lineage":["www.collectifdromehandicap.fr?id=3074"],"author":"1","status":"publish","date":"2026-03-20 17:05:29","date_utc":"2026-03-20 16:05:29","modified":"2026-03-20 17:08:33","modified_utc":"2026-03-20 16:08:33","url":"https:\/\/www.collectifdromehandicap.fr\/?tribe_events=printemps-des-aidants-a-crest-mer-29-avril-de-13h30-a-20h30-organise-par-le-departement-de-la-drome","rest_url":"https:\/\/www.collectifdromehandicap.fr\/index.php?rest_route=\/tribe\/events\/v1\/events\/3074","title":"Printemps des Aidants \u00e0 Crest | mer. 29 avril de 13h30 \u00e0 20h30 | Organis\u00e9 par le D\u00e9partement de la Dr\u00f4me","description":"<div>\n<p>En Dr\u00f4me, des milliers d\u2019habitants accompagnent un proche en perte d\u2019autonomie ou en situation de handicap : ce sont les aidants.<\/p>\n<p>Pour les soutenir et r\u00e9pondre \u00e0 leurs besoins, le D\u00e9partement renouvelle pour la troisi\u00e8me ann\u00e9e cons\u00e9cutive l\u2019op\u00e9ration\u00a0<strong data-start=\"475\" data-end=\"504\">\u00ab Printemps des aidants \u00bb<\/strong>, avec cinq journ\u00e9es organis\u00e9es sur l\u2019ensemble du territoire.<\/p>\n<h3 class=\"wp-block-heading\">Des temps d\u2019\u00e9coute, d\u2019information et de r\u00e9pit<\/h3>\n<p data-start=\"618\" data-end=\"652\">Au programme de ces rencontres :<\/p>\n<ul>\n<li data-start=\"655\" data-end=\"682\">des stands d\u2019information,<\/li>\n<li data-start=\"685\" data-end=\"702\">des animations,<\/li>\n<li data-start=\"705\" data-end=\"751\">des temps d\u2019\u00e9change avec des professionnels,<\/li>\n<li data-start=\"754\" data-end=\"790\">des conf\u00e9rences d\u00e9di\u00e9es aux aidants.<\/li>\n<\/ul>\n<p data-start=\"792\" data-end=\"1029\">Ces journ\u00e9es ont pour objectif de cr\u00e9er du lien, de favoriser la reconnaissance du r\u00f4le des aidants et de leur offrir de v\u00e9ritables parenth\u00e8ses de respiration. Un temps pour se retrouver, partager leurs exp\u00e9riences et, surtout, souffler.<\/p>\n<h3 class=\"wp-block-heading\">Les dates \u00e0 retenir<\/h3>\n<p>Cinq rendez-vous sont propos\u00e9s dans le d\u00e9partement :<\/p>\n<ul class=\"wp-block-list\">\n<li><a href=\"https:\/\/www.calameo.com\/read\/0000205516edd7759c383\" target=\"_blank\" rel=\"noreferrer noopener\"><strong>Samedi 18 avril<\/strong>\u00a0\u00e0 Saint-Vallier<\/a><\/li>\n<li><a href=\"https:\/\/www.calameo.com\/read\/000020551b0801ac1ec59\" target=\"_blank\" rel=\"noreferrer noopener\"><strong>Mercredi 29 avril<\/strong>\u00a0\u00e0 Crest<\/a><\/li>\n<li><a href=\"https:\/\/www.calameo.com\/read\/000020551ccb637559b15\" target=\"_blank\" rel=\"noreferrer noopener\"><strong>Samedi 9 mai<\/strong>\u00a0\u00e0 Nyons<\/a><\/li>\n<li><a href=\"https:\/\/www.calameo.com\/read\/0000205518798c9605445\" target=\"_blank\" rel=\"noreferrer noopener\"><strong>Jeudi 28 mai<\/strong>\u00a0\u00e0 Saint-Sorlin-en-Valloire<\/a><\/li>\n<li><a href=\"https:\/\/www.calameo.com\/read\/000020551f66db2eb64f9\" target=\"_blank\" rel=\"noreferrer noopener\"><strong>Mercredi 17 juin<\/strong>\u00a0\u00e0 Valence<\/a><\/li>\n<\/ul>\n<p>Ces journ\u00e9es sont ouvertes \u00e0 tous les aidants souhaitant s\u2019informer, \u00e9changer et b\u00e9n\u00e9ficier d\u2019un moment de soutien.<\/p>\n<\/div>\n<div><img decoding=\"async\" class=\"an1\" draggable=\"false\" src=\"https:\/\/fonts.gstatic.com\/s\/e\/notoemoji\/17.0\/1f338\/72.png\" alt=\"\ud83c\udf38\" data-emoji=\"\ud83c\udf38\" aria-label=\"\ud83c\udf38\" \/><a href=\"https:\/\/www.collectifdromehandicap.fr\/wp-content\/uploads\/2026\/03\/260313_Livret-PDA_VF.pdf\"><strong>\u00a0Livret du Printemps des Aidants<\/strong><\/a><\/div>\n<div><img loading=\"lazy\" decoding=\"async\" class=\"alignleft size-full wp-image-3070\" src=\"https:\/\/www.collectifdromehandicap.fr\/wp-content\/uploads\/2026\/03\/PDA-Crest.png\" alt=\"\" width=\"642\" height=\"905\" srcset=\"https:\/\/www.collectifdromehandicap.fr\/wp-content\/uploads\/2026\/03\/PDA-Crest.png 642w, https:\/\/www.collectifdromehandicap.fr\/wp-content\/uploads\/2026\/03\/PDA-Crest-480x677.png 480w\" sizes=\"(min-width: 0px) and (max-width: 480px) 480px, (min-width: 481px) 642px, 100vw\" \/><\/div>\n<div><img loading=\"lazy\" decoding=\"async\" class=\"alignleft size-full wp-image-3071\" src=\"https:\/\/www.collectifdromehandicap.fr\/wp-content\/uploads\/2026\/03\/PDA-Crest-programme.png\" alt=\"\" width=\"641\" height=\"912\" srcset=\"https:\/\/www.collectifdromehandicap.fr\/wp-content\/uploads\/2026\/03\/PDA-Crest-programme.png 641w, https:\/\/www.collectifdromehandicap.fr\/wp-content\/uploads\/2026\/03\/PDA-Crest-programme-480x683.png 480w\" sizes=\"(min-width: 0px) and (max-width: 480px) 480px, (min-width: 481px) 641px, 100vw\" \/><\/div>","excerpt":"","slug":"printemps-des-aidants-a-crest-mer-29-avril-de-13h30-a-20h30-organise-par-le-departement-de-la-drome","image":false,"all_day":false,"start_date":"2026-04-29 13:30:00","start_date_details":{"year":"2026","month":"04","day":"29","hour":"13","minutes":"30","seconds":"00"},"end_date":"2026-04-29 20:30:00","end_date_details":{"year":"2026","month":"04","day":"29","hour":"20","minutes":"30","seconds":"00"},"utc_start_date":"2026-04-29 11:30:00","utc_start_date_details":{"year":"2026","month":"04","day":"29","hour":"11","minutes":"30","seconds":"00"},"utc_end_date":"2026-04-29 18:30:00","utc_end_date_details":{"year":"2026","month":"04","day":"29","hour":"18","minutes":"30","seconds":"00"},"timezone":"Europe\/Paris","timezone_abbr":"CEST","cost":"","cost_details":{"currency_symbol":"\u20ac","currency_code":"EUR","currency_position":"suffix","values":[]},"website":"","show_map":true,"show_map_link":true,"hide_from_listings":false,"sticky":false,"featured":false,"categories":[{"name":"Agenda","slug":"agenda","term_group":0,"term_taxonomy_id":12,"taxonomy":"tribe_events_cat","description":"","parent":0,"count":184,"filter":"raw","id":12,"urls":{"self":"https:\/\/www.collectifdromehandicap.fr\/index.php?rest_route=\/tribe\/events\/v1\/categories\/12","collection":"https:\/\/www.collectifdromehandicap.fr\/index.php?rest_route=\/tribe\/events\/v1\/categories"}}],"tags":[],"venue":{"id":2955,"author":"1","status":"publish","date":"2026-02-12 17:29:24","date_utc":"2026-02-12 16:29:24","modified":"2026-02-12 17:29:24","modified_utc":"2026-02-12 16:29:24","url":"https:\/\/www.collectifdromehandicap.fr\/?tribe_venue=crest","venue":"Crest","slug":"crest","show_map":true,"show_map_link":true,"global_id":"www.collectifdromehandicap.fr?id=2955","global_id_lineage":["www.collectifdromehandicap.fr?id=2955"]},"organizer":[{"id":2355,"author":"1","status":"publish","date":"2025-03-03 13:21:34","date_utc":"2025-03-03 13:21:34","modified":"2025-03-03 13:21:34","modified_utc":"2025-03-03 13:21:34","url":"https:\/\/www.collectifdromehandicap.fr\/?tribe_organizer=conseil-departemental-de-la-drome","organizer":"Conseil D\u00e9partemental de la Dr\u00f4me","slug":"conseil-departemental-de-la-drome","global_id":"www.collectifdromehandicap.fr?id=2355","global_id_lineage":["www.collectifdromehandicap.fr?id=2355"]}],"custom_fields":[]},{"id":3044,"global_id":"www.collectifdromehandicap.fr?id=3044","global_id_lineage":["www.collectifdromehandicap.fr?id=3044"],"author":"1","status":"publish","date":"2026-03-20 15:00:26","date_utc":"2026-03-20 14:00:26","modified":"2026-03-20 17:14:12","modified_utc":"2026-03-20 16:14:12","url":"https:\/\/www.collectifdromehandicap.fr\/?tribe_events=printemps-des-aidants-a-nyons-sam-9-mai-de-10h-a-18h00-organise-par-le-departement-de-la-drome","rest_url":"https:\/\/www.collectifdromehandicap.fr\/index.php?rest_route=\/tribe\/events\/v1\/events\/3044","title":"Printemps des Aidants \u00e0 Nyons | sam. 9 mai de 10h \u00e0 18h00 | Organis\u00e9 par le D\u00e9partement de la Dr\u00f4me","description":"<div>\n<p>En Dr\u00f4me, des milliers d\u2019habitants accompagnent un proche en perte d\u2019autonomie ou en situation de handicap : ce sont les aidants.<\/p>\n<p>Pour les soutenir et r\u00e9pondre \u00e0 leurs besoins, le D\u00e9partement renouvelle pour la troisi\u00e8me ann\u00e9e cons\u00e9cutive l\u2019op\u00e9ration\u00a0<strong data-start=\"475\" data-end=\"504\">\u00ab Printemps des aidants \u00bb<\/strong>, avec cinq journ\u00e9es organis\u00e9es sur l\u2019ensemble du territoire.<\/p>\n<h3 class=\"wp-block-heading\">Des temps d\u2019\u00e9coute, d\u2019information et de r\u00e9pit<\/h3>\n<p data-start=\"618\" data-end=\"652\">Au programme de ces rencontres :<\/p>\n<ul>\n<li data-start=\"655\" data-end=\"682\">des stands d\u2019information,<\/li>\n<li data-start=\"685\" data-end=\"702\">des animations,<\/li>\n<li data-start=\"705\" data-end=\"751\">des temps d\u2019\u00e9change avec des professionnels,<\/li>\n<li data-start=\"754\" data-end=\"790\">des conf\u00e9rences d\u00e9di\u00e9es aux aidants.<\/li>\n<\/ul>\n<p data-start=\"792\" data-end=\"1029\">Ces journ\u00e9es ont pour objectif de cr\u00e9er du lien, de favoriser la reconnaissance du r\u00f4le des aidants et de leur offrir de v\u00e9ritables parenth\u00e8ses de respiration. Un temps pour se retrouver, partager leurs exp\u00e9riences et, surtout, souffler.<\/p>\n<h3 class=\"wp-block-heading\">Les dates \u00e0 retenir<\/h3>\n<p>Cinq rendez-vous sont propos\u00e9s dans le d\u00e9partement :<\/p>\n<ul class=\"wp-block-list\">\n<li><a href=\"https:\/\/www.calameo.com\/read\/0000205516edd7759c383\" target=\"_blank\" rel=\"noreferrer noopener\"><strong>Samedi 18 avril<\/strong>\u00a0\u00e0 Saint-Vallier<\/a><\/li>\n<li><a href=\"https:\/\/www.calameo.com\/read\/000020551b0801ac1ec59\" target=\"_blank\" rel=\"noreferrer noopener\"><strong>Mercredi 29 avril<\/strong>\u00a0\u00e0 Crest<\/a><\/li>\n<li><a href=\"https:\/\/www.calameo.com\/read\/000020551ccb637559b15\" target=\"_blank\" rel=\"noreferrer noopener\"><strong>Samedi 9 mai<\/strong>\u00a0\u00e0 Nyons<\/a><\/li>\n<li><a href=\"https:\/\/www.calameo.com\/read\/0000205518798c9605445\" target=\"_blank\" rel=\"noreferrer noopener\"><strong>Jeudi 28 mai<\/strong>\u00a0\u00e0 Saint-Sorlin-en-Valloire<\/a><\/li>\n<li><a href=\"https:\/\/www.calameo.com\/read\/000020551f66db2eb64f9\" target=\"_blank\" rel=\"noreferrer noopener\"><strong>Mercredi 17 juin<\/strong>\u00a0\u00e0 Valence<\/a><\/li>\n<\/ul>\n<p>Ces journ\u00e9es sont ouvertes \u00e0 tous les aidants souhaitant s\u2019informer, \u00e9changer et b\u00e9n\u00e9ficier d\u2019un moment de soutien.<\/p>\n<\/div>\n<div><img decoding=\"async\" class=\"an1\" draggable=\"false\" src=\"https:\/\/fonts.gstatic.com\/s\/e\/notoemoji\/17.0\/1f338\/72.png\" alt=\"\ud83c\udf38\" data-emoji=\"\ud83c\udf38\" aria-label=\"\ud83c\udf38\" \/><a href=\"https:\/\/www.collectifdromehandicap.fr\/wp-content\/uploads\/2026\/03\/260313_Livret-PDA_VF.pdf\"><strong> Livret du Printemps des Aidants<\/strong><\/a><\/div>\n<div><img loading=\"lazy\" decoding=\"async\" class=\"alignleft size-full wp-image-3046\" src=\"https:\/\/www.collectifdromehandicap.fr\/wp-content\/uploads\/2026\/03\/PDA-Nyons-affiche.png\" alt=\"\" width=\"637\" height=\"908\" srcset=\"https:\/\/www.collectifdromehandicap.fr\/wp-content\/uploads\/2026\/03\/PDA-Nyons-affiche.png 637w, https:\/\/www.collectifdromehandicap.fr\/wp-content\/uploads\/2026\/03\/PDA-Nyons-affiche-480x684.png 480w\" sizes=\"(min-width: 0px) and (max-width: 480px) 480px, (min-width: 481px) 637px, 100vw\" \/><\/div>\n<div><img loading=\"lazy\" decoding=\"async\" class=\"alignleft size-full wp-image-3045\" src=\"https:\/\/www.collectifdromehandicap.fr\/wp-content\/uploads\/2026\/03\/PDA-Nyons-programme.png\" alt=\"\" width=\"636\" height=\"906\" srcset=\"https:\/\/www.collectifdromehandicap.fr\/wp-content\/uploads\/2026\/03\/PDA-Nyons-programme.png 636w, https:\/\/www.collectifdromehandicap.fr\/wp-content\/uploads\/2026\/03\/PDA-Nyons-programme-480x684.png 480w\" sizes=\"(min-width: 0px) and (max-width: 480px) 480px, (min-width: 481px) 636px, 100vw\" \/><\/div>\n<div><\/div>","excerpt":"","slug":"printemps-des-aidants-a-nyons-sam-9-mai-de-10h-a-18h00-organise-par-le-departement-de-la-drome","image":false,"all_day":false,"start_date":"2026-05-09 10:00:00","start_date_details":{"year":"2026","month":"05","day":"09","hour":"10","minutes":"00","seconds":"00"},"end_date":"2026-05-09 18:30:00","end_date_details":{"year":"2026","month":"05","day":"09","hour":"18","minutes":"30","seconds":"00"},"utc_start_date":"2026-05-09 08:00:00","utc_start_date_details":{"year":"2026","month":"05","day":"09","hour":"08","minutes":"00","seconds":"00"},"utc_end_date":"2026-05-09 16:30:00","utc_end_date_details":{"year":"2026","month":"05","day":"09","hour":"16","minutes":"30","seconds":"00"},"timezone":"Europe\/Paris","timezone_abbr":"CEST","cost":"","cost_details":{"currency_symbol":"\u20ac","currency_code":"EUR","currency_position":"suffix","values":[]},"website":"","show_map":false,"show_map_link":false,"hide_from_listings":false,"sticky":false,"featured":false,"categories":[{"name":"Agenda","slug":"agenda","term_group":0,"term_taxonomy_id":12,"taxonomy":"tribe_events_cat","description":"","parent":0,"count":184,"filter":"raw","id":12,"urls":{"self":"https:\/\/www.collectifdromehandicap.fr\/index.php?rest_route=\/tribe\/events\/v1\/categories\/12","collection":"https:\/\/www.collectifdromehandicap.fr\/index.php?rest_route=\/tribe\/events\/v1\/categories"}}],"tags":[],"venue":{"id":3080,"author":"1","status":"publish","date":"2026-03-20 17:14:13","date_utc":"2026-03-20 16:14:13","modified":"2026-03-20 17:14:13","modified_utc":"2026-03-20 16:14:13","url":"https:\/\/www.collectifdromehandicap.fr\/?tribe_venue=nyons","venue":"Nyons","slug":"nyons","show_map":true,"show_map_link":true,"global_id":"www.collectifdromehandicap.fr?id=3080","global_id_lineage":["www.collectifdromehandicap.fr?id=3080"]},"organizer":[{"id":2355,"author":"1","status":"publish","date":"2025-03-03 13:21:34","date_utc":"2025-03-03 13:21:34","modified":"2025-03-03 13:21:34","modified_utc":"2025-03-03 13:21:34","url":"https:\/\/www.collectifdromehandicap.fr\/?tribe_organizer=conseil-departemental-de-la-drome","organizer":"Conseil D\u00e9partemental de la Dr\u00f4me","slug":"conseil-departemental-de-la-drome","global_id":"www.collectifdromehandicap.fr?id=2355","global_id_lineage":["www.collectifdromehandicap.fr?id=2355"]}],"custom_fields":[]},{"id":3062,"global_id":"www.collectifdromehandicap.fr?id=3062","global_id_lineage":["www.collectifdromehandicap.fr?id=3062"],"author":"1","status":"publish","date":"2026-03-20 16:01:40","date_utc":"2026-03-20 15:01:40","modified":"2026-03-20 17:10:14","modified_utc":"2026-03-20 16:10:14","url":"https:\/\/www.collectifdromehandicap.fr\/?tribe_events=printemps-des-aidants-a-saint-sorlin-en-valloire-jeu-28-mai-de-9h30-a-17h00-organise-par-le-departement-de-la-drome","rest_url":"https:\/\/www.collectifdromehandicap.fr\/index.php?rest_route=\/tribe\/events\/v1\/events\/3062","title":"Printemps des Aidants \u00e0 Saint-Sorlin-en-Valloire | jeu. 28 mai de 9h30 \u00e0 17h00 | Organis\u00e9 par le D\u00e9partement de la Dr\u00f4me","description":"<div>\n<p>En Dr\u00f4me, des milliers d\u2019habitants accompagnent un proche en perte d\u2019autonomie ou en situation de handicap : ce sont les aidants.<\/p>\n<p>Pour les soutenir et r\u00e9pondre \u00e0 leurs besoins, le D\u00e9partement renouvelle pour la troisi\u00e8me ann\u00e9e cons\u00e9cutive l\u2019op\u00e9ration\u00a0<strong data-start=\"475\" data-end=\"504\">\u00ab Printemps des aidants \u00bb<\/strong>, avec cinq journ\u00e9es organis\u00e9es sur l\u2019ensemble du territoire.<\/p>\n<h3 class=\"wp-block-heading\">Des temps d\u2019\u00e9coute, d\u2019information et de r\u00e9pit<\/h3>\n<p data-start=\"618\" data-end=\"652\">Au programme de ces rencontres :<\/p>\n<ul>\n<li data-start=\"655\" data-end=\"682\">des stands d\u2019information,<\/li>\n<li data-start=\"685\" data-end=\"702\">des animations,<\/li>\n<li data-start=\"705\" data-end=\"751\">des temps d\u2019\u00e9change avec des professionnels,<\/li>\n<li data-start=\"754\" data-end=\"790\">des conf\u00e9rences d\u00e9di\u00e9es aux aidants.<\/li>\n<\/ul>\n<p data-start=\"792\" data-end=\"1029\">Ces journ\u00e9es ont pour objectif de cr\u00e9er du lien, de favoriser la reconnaissance du r\u00f4le des aidants et de leur offrir de v\u00e9ritables parenth\u00e8ses de respiration. Un temps pour se retrouver, partager leurs exp\u00e9riences et, surtout, souffler.<\/p>\n<h3 class=\"wp-block-heading\">Les dates \u00e0 retenir<\/h3>\n<p>Cinq rendez-vous sont propos\u00e9s dans le d\u00e9partement :<\/p>\n<ul class=\"wp-block-list\">\n<li><a href=\"https:\/\/www.calameo.com\/read\/0000205516edd7759c383\" target=\"_blank\" rel=\"noreferrer noopener\"><strong>Samedi 18 avril<\/strong>\u00a0\u00e0 Saint-Vallier<\/a><\/li>\n<li><a href=\"https:\/\/www.calameo.com\/read\/000020551b0801ac1ec59\" target=\"_blank\" rel=\"noreferrer noopener\"><strong>Mercredi 29 avril<\/strong>\u00a0\u00e0 Crest<\/a><\/li>\n<li><a href=\"https:\/\/www.calameo.com\/read\/000020551ccb637559b15\" target=\"_blank\" rel=\"noreferrer noopener\"><strong>Samedi 9 mai<\/strong>\u00a0\u00e0 Nyons<\/a><\/li>\n<li><a href=\"https:\/\/www.calameo.com\/read\/0000205518798c9605445\" target=\"_blank\" rel=\"noreferrer noopener\"><strong>Jeudi 28 mai<\/strong>\u00a0\u00e0 Saint-Sorlin-en-Valloire<\/a><\/li>\n<li><a href=\"https:\/\/www.calameo.com\/read\/000020551f66db2eb64f9\" target=\"_blank\" rel=\"noreferrer noopener\"><strong>Mercredi 17 juin<\/strong>\u00a0\u00e0 Valence<\/a><\/li>\n<\/ul>\n<p>Ces journ\u00e9es sont ouvertes \u00e0 tous les aidants souhaitant s\u2019informer, \u00e9changer et b\u00e9n\u00e9ficier d\u2019un moment de soutien.<\/p>\n<\/div>\n<div><img decoding=\"async\" class=\"an1\" draggable=\"false\" src=\"https:\/\/fonts.gstatic.com\/s\/e\/notoemoji\/17.0\/1f338\/72.png\" alt=\"\ud83c\udf38\" data-emoji=\"\ud83c\udf38\" aria-label=\"\ud83c\udf38\" \/><a href=\"https:\/\/www.collectifdromehandicap.fr\/wp-content\/uploads\/2026\/03\/260313_Livret-PDA_VF.pdf\"><strong> Livret du Printemps des Aidants<\/strong><\/a><\/div>\n<div><img loading=\"lazy\" decoding=\"async\" class=\"alignleft size-full wp-image-3064\" src=\"https:\/\/www.collectifdromehandicap.fr\/wp-content\/uploads\/2026\/03\/PDA-St-Sorlin.png\" alt=\"\" width=\"630\" height=\"902\" srcset=\"https:\/\/www.collectifdromehandicap.fr\/wp-content\/uploads\/2026\/03\/PDA-St-Sorlin.png 630w, https:\/\/www.collectifdromehandicap.fr\/wp-content\/uploads\/2026\/03\/PDA-St-Sorlin-480x687.png 480w\" sizes=\"(min-width: 0px) and (max-width: 480px) 480px, (min-width: 481px) 630px, 100vw\" \/><\/div>\n<div><img loading=\"lazy\" decoding=\"async\" class=\"alignleft size-full wp-image-3063\" src=\"https:\/\/www.collectifdromehandicap.fr\/wp-content\/uploads\/2026\/03\/PDA-ST-Sorlin-progamme.png\" alt=\"\" width=\"640\" height=\"912\" srcset=\"https:\/\/www.collectifdromehandicap.fr\/wp-content\/uploads\/2026\/03\/PDA-ST-Sorlin-progamme.png 640w, https:\/\/www.collectifdromehandicap.fr\/wp-content\/uploads\/2026\/03\/PDA-ST-Sorlin-progamme-480x684.png 480w\" sizes=\"(min-width: 0px) and (max-width: 480px) 480px, (min-width: 481px) 640px, 100vw\" \/><\/div>","excerpt":"","slug":"printemps-des-aidants-a-saint-sorlin-en-valloire-jeu-28-mai-de-9h30-a-17h00-organise-par-le-departement-de-la-drome","image":false,"all_day":true,"start_date":"2026-05-28 00:00:00","start_date_details":{"year":"2026","month":"05","day":"28","hour":"00","minutes":"00","seconds":"00"},"end_date":"2026-05-28 23:59:59","end_date_details":{"year":"2026","month":"05","day":"28","hour":"23","minutes":"59","seconds":"59"},"utc_start_date":"2026-05-27 22:00:00","utc_start_date_details":{"year":"2026","month":"05","day":"27","hour":"22","minutes":"00","seconds":"00"},"utc_end_date":"2026-05-28 21:59:59","utc_end_date_details":{"year":"2026","month":"05","day":"28","hour":"21","minutes":"59","seconds":"59"},"timezone":"Europe\/Paris","timezone_abbr":"CEST","cost":"","cost_details":{"currency_symbol":"\u20ac","currency_code":"EUR","currency_position":"suffix","values":[]},"website":"","show_map":true,"show_map_link":true,"hide_from_listings":false,"sticky":false,"featured":false,"categories":[{"name":"Agenda","slug":"agenda","term_group":0,"term_taxonomy_id":12,"taxonomy":"tribe_events_cat","description":"","parent":0,"count":184,"filter":"raw","id":12,"urls":{"self":"https:\/\/www.collectifdromehandicap.fr\/index.php?rest_route=\/tribe\/events\/v1\/categories\/12","collection":"https:\/\/www.collectifdromehandicap.fr\/index.php?rest_route=\/tribe\/events\/v1\/categories"}}],"tags":[],"venue":{"id":3065,"author":"1","status":"publish","date":"2026-03-20 16:01:40","date_utc":"2026-03-20 15:01:40","modified":"2026-03-20 16:01:40","modified_utc":"2026-03-20 15:01:40","url":"https:\/\/www.collectifdromehandicap.fr\/?tribe_venue=saint-sorlin-en-valloire","venue":"Saint-Sorlin-en Valloire","slug":"saint-sorlin-en-valloire","show_map":true,"show_map_link":true,"global_id":"www.collectifdromehandicap.fr?id=3065","global_id_lineage":["www.collectifdromehandicap.fr?id=3065"]},"organizer":[{"id":2355,"author":"1","status":"publish","date":"2025-03-03 13:21:34","date_utc":"2025-03-03 13:21:34","modified":"2025-03-03 13:21:34","modified_utc":"2025-03-03 13:21:34","url":"https:\/\/www.collectifdromehandicap.fr\/?tribe_organizer=conseil-departemental-de-la-drome","organizer":"Conseil D\u00e9partemental de la Dr\u00f4me","slug":"conseil-departemental-de-la-drome","global_id":"www.collectifdromehandicap.fr?id=2355","global_id_lineage":["www.collectifdromehandicap.fr?id=2355"]}],"custom_fields":[]},{"id":3136,"global_id":"www.collectifdromehandicap.fr?id=3136","global_id_lineage":["www.collectifdromehandicap.fr?id=3136"],"author":"1","status":"publish","date":"2026-04-28 13:57:36","date_utc":"2026-04-28 11:57:36","modified":"2026-04-28 13:57:36","modified_utc":"2026-04-28 11:57:36","url":"https:\/\/www.collectifdromehandicap.fr\/?tribe_events=formation-les-tsa-et-les-troubles-alimentaires-pediatriques-constance-pinet-et-marjorie-albertin-28-et-29-mai-au-siege-de-lapajh-bourg-les-valence-planete-autisme","rest_url":"https:\/\/www.collectifdromehandicap.fr\/index.php?rest_route=\/tribe\/events\/v1\/events\/3136","title":"Formation \u00ab\u00a0Les TSA et les troubles alimentaires p\u00e9diatriques\u00a0\u00bb Constance Pinet et Marjorie Albertin | 28 et 29 mai au si\u00e8ge de l&rsquo;APAJH Bourg-l\u00e8s-Valence | Plan\u00e8te Autisme","description":"<p><img loading=\"lazy\" decoding=\"async\" class=\"alignleft size-full wp-image-3137\" src=\"https:\/\/www.collectifdromehandicap.fr\/wp-content\/uploads\/2026\/04\/PA-28-29-mai.png\" alt=\"\" width=\"1080\" height=\"1080\" srcset=\"https:\/\/www.collectifdromehandicap.fr\/wp-content\/uploads\/2026\/04\/PA-28-29-mai.png 1080w, https:\/\/www.collectifdromehandicap.fr\/wp-content\/uploads\/2026\/04\/PA-28-29-mai-980x980.png 980w, https:\/\/www.collectifdromehandicap.fr\/wp-content\/uploads\/2026\/04\/PA-28-29-mai-480x480.png 480w\" sizes=\"(min-width: 0px) and (max-width: 480px) 480px, (min-width: 481px) and (max-width: 980px) 980px, (min-width: 981px) 1080px, 100vw\" \/><\/p>","excerpt":"","slug":"formation-les-tsa-et-les-troubles-alimentaires-pediatriques-constance-pinet-et-marjorie-albertin-28-et-29-mai-au-siege-de-lapajh-bourg-les-valence-planete-autisme","image":false,"all_day":true,"start_date":"2026-05-28 00:00:00","start_date_details":{"year":"2026","month":"05","day":"28","hour":"00","minutes":"00","seconds":"00"},"end_date":"2026-05-29 23:59:59","end_date_details":{"year":"2026","month":"05","day":"29","hour":"23","minutes":"59","seconds":"59"},"utc_start_date":"2026-05-27 22:00:00","utc_start_date_details":{"year":"2026","month":"05","day":"27","hour":"22","minutes":"00","seconds":"00"},"utc_end_date":"2026-05-29 21:59:59","utc_end_date_details":{"year":"2026","month":"05","day":"29","hour":"21","minutes":"59","seconds":"59"},"timezone":"Europe\/Paris","timezone_abbr":"CEST","cost":"","cost_details":{"currency_symbol":"\u20ac","currency_code":"EUR","currency_position":"suffix","values":[]},"website":"","show_map":true,"show_map_link":true,"hide_from_listings":false,"sticky":false,"featured":false,"categories":[{"name":"Agenda","slug":"agenda","term_group":0,"term_taxonomy_id":12,"taxonomy":"tribe_events_cat","description":"","parent":0,"count":184,"filter":"raw","id":12,"urls":{"self":"https:\/\/www.collectifdromehandicap.fr\/index.php?rest_route=\/tribe\/events\/v1\/categories\/12","collection":"https:\/\/www.collectifdromehandicap.fr\/index.php?rest_route=\/tribe\/events\/v1\/categories"}}],"tags":[],"venue":{"id":1608,"author":"1","status":"publish","date":"2024-01-16 16:12:16","date_utc":"2024-01-16 16:12:16","modified":"2024-01-16 16:12:16","modified_utc":"2024-01-16 16:12:16","url":"https:\/\/www.collectifdromehandicap.fr\/?tribe_venue=apajh-64-allee-du-concept-26500-bourg-les-valence","venue":"APAJH &#8211; 64 All\u00e9e du Concept &#8211; 26500 Bourg-L\u00e8s-Valence","slug":"apajh-64-allee-du-concept-26500-bourg-les-valence","show_map":true,"show_map_link":true,"global_id":"www.collectifdromehandicap.fr?id=1608","global_id_lineage":["www.collectifdromehandicap.fr?id=1608"]},"organizer":[{"id":1222,"author":"1","status":"publish","date":"2023-08-03 12:19:48","date_utc":"2023-08-03 12:19:48","modified":"2023-08-03 12:19:48","modified_utc":"2023-08-03 12:19:48","url":"https:\/\/www.collectifdromehandicap.fr\/?tribe_organizer=planete-autisme","organizer":"Plan\u00e8te Autisme","slug":"planete-autisme","global_id":"www.collectifdromehandicap.fr?id=1222","global_id_lineage":["www.collectifdromehandicap.fr?id=1222"]}],"custom_fields":[]},{"id":3090,"global_id":"www.collectifdromehandicap.fr?id=3090","global_id_lineage":["www.collectifdromehandicap.fr?id=3090"],"author":"1","status":"publish","date":"2026-04-14 16:43:16","date_utc":"2026-04-14 14:43:16","modified":"2026-04-14 16:48:50","modified_utc":"2026-04-14 14:48:50","url":"https:\/\/www.collectifdromehandicap.fr\/?tribe_events=forum-vivre-et-grandir-avec-un-handicap-montelimar","rest_url":"https:\/\/www.collectifdromehandicap.fr\/index.php?rest_route=\/tribe\/events\/v1\/events\/3090","title":"Forum \u00ab\u00a0Vivre et grandir avec un handicap\u00a0\u00bb Mont\u00e9limar","description":"<p>Mieux comprendre les dispositifs et les parcours. Offrir un espace pour penser et d\u00e9couvrir le r\u00e9pit.<\/p>\n<p>Venez rencontrer des experts, partagez des exp\u00e9riences, et d\u00e9couvrez des ressources pr\u00e9cieuses.<\/p>\n<p>Forum ouvert aux parents d&rsquo;enfants en situation de handicap, entre 2 et 20 ans, qui sont \u00e0 la recherche d&rsquo;informations.<\/p>\n<p><img loading=\"lazy\" decoding=\"async\" class=\"alignleft size-full wp-image-3098\" src=\"https:\/\/www.collectifdromehandicap.fr\/wp-content\/uploads\/2026\/04\/Affiche-forum-Montelimar.png\" alt=\"\" width=\"668\" height=\"945\" srcset=\"https:\/\/www.collectifdromehandicap.fr\/wp-content\/uploads\/2026\/04\/Affiche-forum-Montelimar.png 668w, https:\/\/www.collectifdromehandicap.fr\/wp-content\/uploads\/2026\/04\/Affiche-forum-Montelimar-480x679.png 480w\" sizes=\"(min-width: 0px) and (max-width: 480px) 480px, (min-width: 481px) 668px, 100vw\" \/><\/p>\n<p><img loading=\"lazy\" decoding=\"async\" class=\"alignleft size-full wp-image-3101\" src=\"https:\/\/www.collectifdromehandicap.fr\/wp-content\/uploads\/2026\/04\/Affiche-forum-Montelimar-2.png\" alt=\"\" width=\"666\" height=\"943\" srcset=\"https:\/\/www.collectifdromehandicap.fr\/wp-content\/uploads\/2026\/04\/Affiche-forum-Montelimar-2.png 666w, https:\/\/www.collectifdromehandicap.fr\/wp-content\/uploads\/2026\/04\/Affiche-forum-Montelimar-2-480x680.png 480w\" sizes=\"(min-width: 0px) and (max-width: 480px) 480px, (min-width: 481px) 666px, 100vw\" \/><\/p>\n<p><img loading=\"lazy\" decoding=\"async\" class=\"alignleft size-full wp-image-3100\" src=\"https:\/\/www.collectifdromehandicap.fr\/wp-content\/uploads\/2026\/04\/Affiche-forum-Montelimar-3.png\" alt=\"\" width=\"667\" height=\"946\" srcset=\"https:\/\/www.collectifdromehandicap.fr\/wp-content\/uploads\/2026\/04\/Affiche-forum-Montelimar-3.png 667w, https:\/\/www.collectifdromehandicap.fr\/wp-content\/uploads\/2026\/04\/Affiche-forum-Montelimar-3-480x681.png 480w\" sizes=\"(min-width: 0px) and (max-width: 480px) 480px, (min-width: 481px) 667px, 100vw\" \/><\/p>\n<p><img loading=\"lazy\" decoding=\"async\" class=\"alignleft size-full wp-image-3099\" src=\"https:\/\/www.collectifdromehandicap.fr\/wp-content\/uploads\/2026\/04\/Affiche-forum-Montelimar-4.png\" alt=\"\" width=\"666\" height=\"946\" srcset=\"https:\/\/www.collectifdromehandicap.fr\/wp-content\/uploads\/2026\/04\/Affiche-forum-Montelimar-4.png 666w, https:\/\/www.collectifdromehandicap.fr\/wp-content\/uploads\/2026\/04\/Affiche-forum-Montelimar-4-480x682.png 480w\" sizes=\"(min-width: 0px) and (max-width: 480px) 480px, (min-width: 481px) 666px, 100vw\" \/><\/p>\n<p>&nbsp;<\/p>\n<p>&nbsp;<\/p>\n<p>&nbsp;<\/p>\n<p>&nbsp;<\/p>\n<p>&nbsp;<\/p>","excerpt":"","slug":"forum-vivre-et-grandir-avec-un-handicap-montelimar","image":false,"all_day":false,"start_date":"2026-06-10 15:00:00","start_date_details":{"year":"2026","month":"06","day":"10","hour":"15","minutes":"00","seconds":"00"},"end_date":"2026-06-10 17:00:00","end_date_details":{"year":"2026","month":"06","day":"10","hour":"17","minutes":"00","seconds":"00"},"utc_start_date":"2026-06-10 13:00:00","utc_start_date_details":{"year":"2026","month":"06","day":"10","hour":"13","minutes":"00","seconds":"00"},"utc_end_date":"2026-06-10 15:00:00","utc_end_date_details":{"year":"2026","month":"06","day":"10","hour":"15","minutes":"00","seconds":"00"},"timezone":"Europe\/Paris","timezone_abbr":"CEST","cost":"","cost_details":{"currency_symbol":"\u20ac","currency_code":"EUR","currency_position":"suffix","values":[]},"website":"","show_map":true,"show_map_link":true,"hide_from_listings":false,"sticky":false,"featured":false,"categories":[{"name":"Agenda","slug":"agenda","term_group":0,"term_taxonomy_id":12,"taxonomy":"tribe_events_cat","description":"","parent":0,"count":184,"filter":"raw","id":12,"urls":{"self":"https:\/\/www.collectifdromehandicap.fr\/index.php?rest_route=\/tribe\/events\/v1\/categories\/12","collection":"https:\/\/www.collectifdromehandicap.fr\/index.php?rest_route=\/tribe\/events\/v1\/categories"}}],"tags":[],"venue":{"id":3103,"author":"1","status":"publish","date":"2026-04-14 16:48:50","date_utc":"2026-04-14 14:48:50","modified":"2026-04-14 16:48:50","modified_utc":"2026-04-14 14:48:50","url":"https:\/\/www.collectifdromehandicap.fr\/?tribe_venue=ime-chateau-de-milan-montelimar","venue":"IME Ch\u00e2teau de Milan &#8211; Mont\u00e9limar","slug":"ime-chateau-de-milan-montelimar","show_map":true,"show_map_link":true,"global_id":"www.collectifdromehandicap.fr?id=3103","global_id_lineage":["www.collectifdromehandicap.fr?id=3103"]},"organizer":[{"id":2485,"author":"1","status":"publish","date":"2025-07-03 14:59:00","date_utc":"2025-07-03 14:59:00","modified":"2025-07-03 14:59:00","modified_utc":"2025-07-03 14:59:00","url":"https:\/\/www.collectifdromehandicap.fr\/?tribe_organizer=la-plateforme-de-repit-des-pep-sra","organizer":"La Plateforme de R\u00e9pit des PEP SRA","slug":"la-plateforme-de-repit-des-pep-sra","global_id":"www.collectifdromehandicap.fr?id=2485","global_id_lineage":["www.collectifdromehandicap.fr?id=2485"]}],"custom_fields":[]},{"id":3132,"global_id":"www.collectifdromehandicap.fr?id=3132","global_id_lineage":["www.collectifdromehandicap.fr?id=3132"],"author":"1","status":"publish","date":"2026-04-27 17:49:39","date_utc":"2026-04-27 15:49:39","modified":"2026-04-27 17:49:39","modified_utc":"2026-04-27 15:49:39","url":"https:\/\/www.collectifdromehandicap.fr\/?tribe_events=galapei-15eme-gala-dim-14-juin-15h-montelier-adapei","rest_url":"https:\/\/www.collectifdromehandicap.fr\/index.php?rest_route=\/tribe\/events\/v1\/events\/3132","title":"GALAPEI 15\u00e8me Gala dim. 14 juin 15h Mont\u00e9lier | ADAPEI","description":"<p><img loading=\"lazy\" decoding=\"async\" class=\"alignleft size-full wp-image-3133\" src=\"https:\/\/www.collectifdromehandicap.fr\/wp-content\/uploads\/2026\/04\/Galapei.png\" alt=\"\" width=\"637\" height=\"905\" srcset=\"https:\/\/www.collectifdromehandicap.fr\/wp-content\/uploads\/2026\/04\/Galapei.png 637w, https:\/\/www.collectifdromehandicap.fr\/wp-content\/uploads\/2026\/04\/Galapei-480x682.png 480w\" sizes=\"(min-width: 0px) and (max-width: 480px) 480px, (min-width: 481px) 637px, 100vw\" \/><\/p>","excerpt":"","slug":"galapei-15eme-gala-dim-14-juin-15h-montelier-adapei","image":false,"all_day":false,"start_date":"2026-06-14 14:30:00","start_date_details":{"year":"2026","month":"06","day":"14","hour":"14","minutes":"30","seconds":"00"},"end_date":"2026-06-14 18:00:00","end_date_details":{"year":"2026","month":"06","day":"14","hour":"18","minutes":"00","seconds":"00"},"utc_start_date":"2026-06-14 12:30:00","utc_start_date_details":{"year":"2026","month":"06","day":"14","hour":"12","minutes":"30","seconds":"00"},"utc_end_date":"2026-06-14 16:00:00","utc_end_date_details":{"year":"2026","month":"06","day":"14","hour":"16","minutes":"00","seconds":"00"},"timezone":"Europe\/Paris","timezone_abbr":"CEST","cost":"","cost_details":{"currency_symbol":"\u20ac","currency_code":"EUR","currency_position":"suffix","values":[]},"website":"","show_map":true,"show_map_link":true,"hide_from_listings":false,"sticky":false,"featured":false,"categories":[{"name":"Agenda","slug":"agenda","term_group":0,"term_taxonomy_id":12,"taxonomy":"tribe_events_cat","description":"","parent":0,"count":184,"filter":"raw","id":12,"urls":{"self":"https:\/\/www.collectifdromehandicap.fr\/index.php?rest_route=\/tribe\/events\/v1\/categories\/12","collection":"https:\/\/www.collectifdromehandicap.fr\/index.php?rest_route=\/tribe\/events\/v1\/categories"}}],"tags":[],"venue":{"id":3134,"author":"1","status":"publish","date":"2026-04-27 17:49:39","date_utc":"2026-04-27 15:49:39","modified":"2026-04-27 17:49:39","modified_utc":"2026-04-27 15:49:39","url":"https:\/\/www.collectifdromehandicap.fr\/?tribe_venue=salle-jean-giono-montelier","venue":"Salle Jean Giono &#8211; Mont\u00e9lier","slug":"salle-jean-giono-montelier","show_map":true,"show_map_link":true,"global_id":"www.collectifdromehandicap.fr?id=3134","global_id_lineage":["www.collectifdromehandicap.fr?id=3134"]},"organizer":[{"id":2154,"author":"1","status":"publish","date":"2024-10-03 16:11:34","date_utc":"2024-10-03 16:11:34","modified":"2024-10-03 16:11:34","modified_utc":"2024-10-03 16:11:34","url":"https:\/\/www.collectifdromehandicap.fr\/?tribe_organizer=adapei-26","organizer":"ADAPEI 26","slug":"adapei-26","global_id":"www.collectifdromehandicap.fr?id=2154","global_id_lineage":["www.collectifdromehandicap.fr?id=2154"]}],"custom_fields":[]},{"id":3111,"global_id":"www.collectifdromehandicap.fr?id=3111","global_id_lineage":["www.collectifdromehandicap.fr?id=3111"],"author":"1","status":"publish","date":"2026-04-24 17:29:56","date_utc":"2026-04-24 15:29:56","modified":"2026-04-24 17:37:40","modified_utc":"2026-04-24 15:37:40","url":"https:\/\/www.collectifdromehandicap.fr\/?tribe_events=soirees-en-audiodescription-aux-fetes-nocturnes-de-grignan-mer-22-juil-et-mar-11-aout-26","rest_url":"https:\/\/www.collectifdromehandicap.fr\/index.php?rest_route=\/tribe\/events\/v1\/events\/3111","title":"Soir\u00e9es en audiodescription aux F\u00eates Nocturnes de Grignan mer. 22 juil. et mar. 11 ao\u00fbt 26","description":"<div>Dans le cadre des\u00a0<b>F\u00eates Nocturnes 2026<\/b>\u00a0au Ch\u00e2teau de Grignan, nous avons le plaisir de vous proposer de participer \u00e0 l&rsquo;une de nos deux soir\u00e9es sp\u00e9cialement adapt\u00e9es en\u00a0<b>audiodescription<\/b>\u00a0:<\/div>\n<ul>\n<li><b>Le mercredi 22 juillet<\/b><\/li>\n<li><b>Le mardi 11 ao\u00fbt<\/b><\/li>\n<\/ul>\n<div>Pour cette 39e \u00e9dition, nous accueillons la pi\u00e8ce\u00a0<b><i>L\u2019\u00c9cole des femmes<\/i><\/b>\u00a0de Moli\u00e8re, mise en sc\u00e8ne par\u00a0<b>Robin Renucci<\/b>.<\/div>\n<div><b>Informations pratiques &amp; R\u00e9servation<\/b><\/div>\n<div>Si vous souhaitez b\u00e9n\u00e9ficier de l&rsquo;audiodescription, nous vous invitons \u00e0 contacter notre billetterie\u00a0<b>\u00e0 partir du 19 mai<\/b>\u00a0:<\/div>\n<ul>\n<li><b>T\u00e9l\u00e9phone :<\/b>\u00a004 75 91 83 65<\/li>\n<li><b>Horaires :<\/b>\u00a0Du lundi au vendredi, de 10h \u00e0 12h et de 14h \u00e0 17h.<\/li>\n<\/ul>\n<div>Vous trouverez \u00e9galement tous les d\u00e9tails de la programmation sur notre site :\u00a0<a id=\"m_4918813683875149032OWAf8efff93-5001-5ad4-8831-0702afe061b9\" href=\"https:\/\/www.chateaudegrignan.fr\/agenda\/fetes-nocturnes-de-grignan-2026\/\" target=\"_blank\" rel=\"noopener\" data-saferedirecturl=\"https:\/\/www.google.com\/url?q=https:\/\/www.chateaudegrignan.fr\/agenda\/fetes-nocturnes-de-grignan-2026\/&amp;source=gmail&amp;ust=1777128354474000&amp;usg=AOvVaw292YfijVniUQb_fDdTvBoF\">https:\/\/www.chateaudegrignan.<wbr \/>fr\/agenda\/fetes-nocturnes-de-<wbr \/>grignan-2026\/<\/a><\/div>\n<hr \/>\n<div><b>D\u00e9roulement de votre soir\u00e9e<\/b><\/div>\n<div>Afin de profiter pleinement de l&rsquo;exp\u00e9rience, voici l&rsquo;organisation pr\u00e9vue pour vous :<\/div>\n<ul>\n<li><b>18h45 :<\/b>\u00a0Accueil pour les personnes souhaitant d\u00eener sur place avant la repr\u00e9sentation (sur r\u00e9servation)<\/li>\n<li><b>19h45 :<\/b>\u00a0Accueil pour les spectateurs ne souhaitant pas manger sur place.<\/li>\n<li><b>20h00 :<\/b>\u00a0<b>Rencontre privil\u00e9gi\u00e9e<\/b>\u00a0avec les com\u00e9diens.<\/li>\n<li><b>21h00 :<\/b>\u00a0D\u00e9but du spectacle (dur\u00e9e pr\u00e9vue : environ 1h45).<\/li>\n<\/ul>\n<div>Nous vous attendons pour une soir\u00e9e riche en \u00e9motions au c\u0153ur du ch\u00e2teau.<\/div>\n<div>N&rsquo;h\u00e9sitez pas \u00e0 nous contacter pour toute question compl\u00e9mentaire !<\/div>\n<div>\n<table id=\"m_4918813683875149032x_table_0\" cellspacing=\"0\" cellpadding=\"0\">\n<tbody>\n<tr>\n<td align=\"left\">\n<table cellspacing=\"0\" cellpadding=\"0\">\n<tbody>\n<tr>\n<td align=\"left\">\n<table>\n<tbody>\n<tr>\n<td><b>Ophelie<\/b><\/td>\n<\/tr>\n<\/tbody>\n<\/table>\n<\/td>\n<td align=\"left\">\n<table>\n<tbody>\n<tr>\n<td><b>DUTHUILLE\u2011BADIN<\/b><\/td>\n<\/tr>\n<\/tbody>\n<\/table>\n<\/td>\n<\/tr>\n<\/tbody>\n<\/table>\n<\/td>\n<\/tr>\n<tr>\n<td align=\"left\">\n<table>\n<tbody>\n<tr>\n<td>Assistante\u00a0\u00e9v\u00e8nementiel<\/td>\n<\/tr>\n<\/tbody>\n<\/table>\n<\/td>\n<\/tr>\n<tr>\n<td align=\"left\">\n<table>\n<tbody>\n<tr>\n<td>Rue\u00a0du\u00a0Ch\u00e2teau<\/td>\n<\/tr>\n<\/tbody>\n<\/table>\n<\/td>\n<\/tr>\n<tr>\n<td align=\"left\">\n<table cellspacing=\"0\" cellpadding=\"0\">\n<tbody>\n<tr>\n<td align=\"left\">\n<table>\n<tbody>\n<tr>\n<td>26230<\/td>\n<\/tr>\n<\/tbody>\n<\/table>\n<\/td>\n<td align=\"left\">\n<table>\n<tbody>\n<tr>\n<td>GRIGNAN<\/td>\n<\/tr>\n<\/tbody>\n<\/table>\n<\/td>\n<\/tr>\n<\/tbody>\n<\/table>\n<\/td>\n<\/tr>\n<tr>\n<td align=\"left\">\n<table cellspacing=\"0\" cellpadding=\"0\">\n<tbody>\n<tr>\n<td align=\"left\">\n<table>\n<tbody>\n<tr>\n<td>T.<\/td>\n<td><\/td>\n<td>04 75 91 83 68 &#8211;<\/td>\n<\/tr>\n<\/tbody>\n<\/table>\n<\/td>\n<td align=\"left\">\n<table>\n<tbody>\n<tr>\n<td>06\u00a089\u00a052\u00a025\u00a020<\/td>\n<\/tr>\n<\/tbody>\n<\/table>\n<\/td>\n<\/tr>\n<\/tbody>\n<\/table>\n<\/td>\n<\/tr>\n<\/tbody>\n<\/table>\n<\/div>\n<div><\/div>\n<div>\n<p><iframe loading=\"lazy\" title=\"Les F\u00eates nocturnes du ch\u00e2teau de Grignan, toute une histoire !\" width=\"1080\" height=\"608\" src=\"https:\/\/www.youtube.com\/embed\/G_1yIpD00cQ?feature=oembed\"  allow=\"accelerometer; autoplay; clipboard-write; encrypted-media; gyroscope; picture-in-picture; web-share\" referrerpolicy=\"strict-origin-when-cross-origin\" allowfullscreen><\/iframe><\/p>\n<\/div>","excerpt":"","slug":"soirees-en-audiodescription-aux-fetes-nocturnes-de-grignan-mer-22-juil-et-mar-11-aout-26","image":false,"all_day":false,"start_date":"2026-07-22 19:30:00","start_date_details":{"year":"2026","month":"07","day":"22","hour":"19","minutes":"30","seconds":"00"},"end_date":"2026-07-22 22:30:00","end_date_details":{"year":"2026","month":"07","day":"22","hour":"22","minutes":"30","seconds":"00"},"utc_start_date":"2026-07-22 17:30:00","utc_start_date_details":{"year":"2026","month":"07","day":"22","hour":"17","minutes":"30","seconds":"00"},"utc_end_date":"2026-07-22 20:30:00","utc_end_date_details":{"year":"2026","month":"07","day":"22","hour":"20","minutes":"30","seconds":"00"},"timezone":"Europe\/Paris","timezone_abbr":"CEST","cost":"","cost_details":{"currency_symbol":"\u20ac","currency_code":"EUR","currency_position":"suffix","values":[]},"website":"","show_map":true,"show_map_link":true,"hide_from_listings":false,"sticky":false,"featured":false,"categories":[{"name":"Agenda","slug":"agenda","term_group":0,"term_taxonomy_id":12,"taxonomy":"tribe_events_cat","description":"","parent":0,"count":184,"filter":"raw","id":12,"urls":{"self":"https:\/\/www.collectifdromehandicap.fr\/index.php?rest_route=\/tribe\/events\/v1\/categories\/12","collection":"https:\/\/www.collectifdromehandicap.fr\/index.php?rest_route=\/tribe\/events\/v1\/categories"}}],"tags":[],"venue":[],"organizer":[],"custom_fields":[]},{"id":3113,"global_id":"www.collectifdromehandicap.fr?id=3113","global_id_lineage":["www.collectifdromehandicap.fr?id=3113"],"author":"1","status":"publish","date":"2026-04-24 17:35:02","date_utc":"2026-04-24 15:35:02","modified":"2026-04-24 17:41:45","modified_utc":"2026-04-24 15:41:45","url":"https:\/\/www.collectifdromehandicap.fr\/?tribe_events=soirees-en-audiodescription-aux-fetes-nocturnes-de-grignan-mar-11-aout-26","rest_url":"https:\/\/www.collectifdromehandicap.fr\/index.php?rest_route=\/tribe\/events\/v1\/events\/3113","title":"Soir\u00e9es en audiodescription aux F\u00eates Nocturnes de Grignan mar. 11 ao\u00fbt 26","description":"<div>Dans le cadre des\u00a0<b>F\u00eates Nocturnes 2026<\/b>\u00a0au Ch\u00e2teau de Grignan, nous avons le plaisir de vous proposer de participer \u00e0 l\u2019une de nos deux soir\u00e9es sp\u00e9cialement adapt\u00e9es en\u00a0<b>audiodescription<\/b>\u00a0:<\/div>\n<ul>\n<li><b>Le mercredi 22 juillet<\/b><\/li>\n<li><b>Le mardi 11 ao\u00fbt<\/b><\/li>\n<\/ul>\n<div>Pour cette 39e \u00e9dition, nous accueillons la pi\u00e8ce\u00a0<b><i>L\u2019\u00c9cole des femmes<\/i><\/b>\u00a0de Moli\u00e8re, mise en sc\u00e8ne par\u00a0<b>Robin Renucci<\/b>.<\/div>\n<div><b>Informations pratiques &amp; R\u00e9servation<\/b><\/div>\n<div>Si vous souhaitez b\u00e9n\u00e9ficier de l\u2019audiodescription, nous vous invitons \u00e0 contacter notre billetterie\u00a0<b>\u00e0 partir du 19 mai<\/b>\u00a0:<\/div>\n<ul>\n<li role=\"presentation\"><b>T\u00e9l\u00e9phone :<\/b>\u00a004 75 91 83 65<\/li>\n<li role=\"presentation\"><b>Horaires :<\/b>\u00a0Du lundi au vendredi, de 10h \u00e0 12h et de 14h \u00e0 17h.<\/li>\n<\/ul>\n<div>Vous trouverez \u00e9galement tous les d\u00e9tails de la programmation sur notre site :\u00a0<a id=\"m_4918813683875149032OWAf8efff93-5001-5ad4-8831-0702afe061b9\" href=\"https:\/\/www.chateaudegrignan.fr\/agenda\/fetes-nocturnes-de-grignan-2026\/\" target=\"_blank\" rel=\"noopener\" data-saferedirecturl=\"https:\/\/www.google.com\/url?q=https:\/\/www.chateaudegrignan.fr\/agenda\/fetes-nocturnes-de-grignan-2026\/&amp;source=gmail&amp;ust=1777128354474000&amp;usg=AOvVaw292YfijVniUQb_fDdTvBoF\">https:\/\/www.chateaudegrignan.<wbr \/>fr\/agenda\/fetes-nocturnes-de-<wbr \/>grignan-2026\/<\/a><\/div>\n<hr \/>\n<div><b>D\u00e9roulement de votre soir\u00e9e<\/b><\/div>\n<div>Afin de profiter pleinement de l\u2019exp\u00e9rience, voici l\u2019organisation pr\u00e9vue pour vous :<\/div>\n<ul>\n<li role=\"presentation\"><b>18h45 :<\/b>\u00a0Accueil pour les personnes souhaitant d\u00eener sur place avant la repr\u00e9sentation (sur r\u00e9servation)<\/li>\n<li role=\"presentation\"><b>19h45 :<\/b>\u00a0Accueil pour les spectateurs ne souhaitant pas manger sur place.<\/li>\n<li role=\"presentation\"><b>20h00 :<\/b>\u00a0<b>Rencontre privil\u00e9gi\u00e9e<\/b>\u00a0avec les com\u00e9diens.<\/li>\n<li role=\"presentation\"><b>21h00 :<\/b>\u00a0D\u00e9but du spectacle (dur\u00e9e pr\u00e9vue : environ 1h45).<\/li>\n<\/ul>\n<div>Nous vous attendons pour une soir\u00e9e riche en \u00e9motions au c\u0153ur du ch\u00e2teau.<\/div>\n<div>N\u2019h\u00e9sitez pas \u00e0 nous contacter pour toute question compl\u00e9mentaire !<\/div>\n<div>\n<table id=\"m_4918813683875149032x_table_0\" style=\"width: 252px; height: 174px;\" cellspacing=\"0\" cellpadding=\"0\">\n<tbody>\n<tr style=\"height: 36px;\">\n<td style=\"width: 248.352px; height: 36px;\" align=\"left\">\n<table cellspacing=\"0\" cellpadding=\"0\">\n<tbody>\n<tr>\n<td align=\"left\">\n<table>\n<tbody>\n<tr>\n<td><b>Ophelie<\/b><\/td>\n<\/tr>\n<\/tbody>\n<\/table>\n<\/td>\n<td align=\"left\">\n<table>\n<tbody>\n<tr>\n<td><b>DUTHUILLE\u2011BADIN<\/b><\/td>\n<\/tr>\n<\/tbody>\n<\/table>\n<\/td>\n<\/tr>\n<\/tbody>\n<\/table>\n<\/td>\n<\/tr>\n<tr style=\"height: 33px;\">\n<td style=\"width: 248.352px; height: 33px;\" align=\"left\">\n<table>\n<tbody>\n<tr>\n<td>Assistante\u00a0\u00e9v\u00e8nementiel<\/td>\n<\/tr>\n<\/tbody>\n<\/table>\n<\/td>\n<\/tr>\n<tr style=\"height: 33px;\">\n<td style=\"width: 248.352px; height: 33px;\" align=\"left\">\n<table>\n<tbody>\n<tr>\n<td>Rue\u00a0du\u00a0Ch\u00e2teau<\/td>\n<\/tr>\n<\/tbody>\n<\/table>\n<\/td>\n<\/tr>\n<tr style=\"height: 36px;\">\n<td style=\"width: 248.352px; height: 36px;\" align=\"left\">\n<table cellspacing=\"0\" cellpadding=\"0\">\n<tbody>\n<tr>\n<td align=\"left\">\n<table>\n<tbody>\n<tr>\n<td>26230<\/td>\n<\/tr>\n<\/tbody>\n<\/table>\n<\/td>\n<td align=\"left\">\n<table>\n<tbody>\n<tr>\n<td>GRIGNAN<\/td>\n<\/tr>\n<\/tbody>\n<\/table>\n<\/td>\n<\/tr>\n<\/tbody>\n<\/table>\n<\/td>\n<\/tr>\n<tr style=\"height: 36px;\">\n<td style=\"width: 248.352px; height: 36px;\" align=\"left\">\n<table style=\"width: 247px;\" cellspacing=\"0\" cellpadding=\"0\">\n<tbody>\n<tr>\n<td style=\"width: 132.543px;\" align=\"left\">\n<table style=\"width: 116px;\">\n<tbody>\n<tr>\n<td style=\"width: 10.8949px;\">T.<\/td>\n<td style=\"width: 0px;\"><\/td>\n<td style=\"width: 93.4233px;\">04\u00a075\u00a091\u00a083\u00a068<\/td>\n<\/tr>\n<\/tbody>\n<\/table>\n<\/td>\n<td style=\"width: 108.991px;\" align=\"left\">\n<table style=\"width: 109px;\">\n<tbody>\n<tr>\n<td style=\"width: 99.7301px;\">06\u00a089\u00a052\u00a025\u00a020<\/td>\n<\/tr>\n<\/tbody>\n<\/table>\n<\/td>\n<\/tr>\n<\/tbody>\n<\/table>\n<\/td>\n<\/tr>\n<\/tbody>\n<\/table>\n<\/div>\n<div><\/div>\n<div>\n<p><iframe loading=\"lazy\" title=\"Les F\u00eates nocturnes du ch\u00e2teau de Grignan, toute une histoire !\" width=\"1080\" height=\"608\" src=\"https:\/\/www.youtube.com\/embed\/G_1yIpD00cQ?feature=oembed\"  allow=\"accelerometer; autoplay; clipboard-write; encrypted-media; gyroscope; picture-in-picture; web-share\" referrerpolicy=\"strict-origin-when-cross-origin\" allowfullscreen><\/iframe><\/p>\n<\/div>","excerpt":"","slug":"soirees-en-audiodescription-aux-fetes-nocturnes-de-grignan-mar-11-aout-26","image":false,"all_day":false,"start_date":"2026-08-11 19:30:00","start_date_details":{"year":"2026","month":"08","day":"11","hour":"19","minutes":"30","seconds":"00"},"end_date":"2026-08-11 23:00:00","end_date_details":{"year":"2026","month":"08","day":"11","hour":"23","minutes":"00","seconds":"00"},"utc_start_date":"2026-08-11 17:30:00","utc_start_date_details":{"year":"2026","month":"08","day":"11","hour":"17","minutes":"30","seconds":"00"},"utc_end_date":"2026-08-11 21:00:00","utc_end_date_details":{"year":"2026","month":"08","day":"11","hour":"21","minutes":"00","seconds":"00"},"timezone":"Europe\/Paris","timezone_abbr":"CEST","cost":"","cost_details":{"currency_symbol":"\u20ac","currency_code":"EUR","currency_position":"suffix","values":[]},"website":"","show_map":true,"show_map_link":true,"hide_from_listings":false,"sticky":false,"featured":false,"categories":[{"name":"Agenda","slug":"agenda","term_group":0,"term_taxonomy_id":12,"taxonomy":"tribe_events_cat","description":"","parent":0,"count":184,"filter":"raw","id":12,"urls":{"self":"https:\/\/www.collectifdromehandicap.fr\/index.php?rest_route=\/tribe\/events\/v1\/categories\/12","collection":"https:\/\/www.collectifdromehandicap.fr\/index.php?rest_route=\/tribe\/events\/v1\/categories"}}],"tags":[],"venue":[],"organizer":[],"custom_fields":[]}],"rest_url":"https:\/\/www.collectifdromehandicap.fr\/index.php?rest_route=%2Ftribe%2Fevents%2Fv1%2Fevents%2F&page=1&per_page=10&start_date=2026-04-29 00:00:00&end_date=2028-04-29 23:59:59&status=publish","total":8,"total_pages":1}