{"id":3090,"global_id":"www.collectifdromehandicap.fr?id=3090","global_id_lineage":["www.collectifdromehandicap.fr?id=3090"],"author":"1","status":"publish","date":"2026-04-14 16:43:16","date_utc":"2026-04-14 14:43:16","modified":"2026-04-14 16:48:50","modified_utc":"2026-04-14 14:48:50","url":"https:\/\/www.collectifdromehandicap.fr\/?tribe_events=forum-vivre-et-grandir-avec-un-handicap-montelimar","rest_url":"https:\/\/www.collectifdromehandicap.fr\/index.php?rest_route=\/tribe\/events\/v1\/events\/3090","title":"Forum \u00ab\u00a0Vivre et grandir avec un handicap\u00a0\u00bb Mont\u00e9limar","description":"<p>Mieux comprendre les dispositifs et les parcours. Offrir un espace pour penser et d\u00e9couvrir le r\u00e9pit.<\/p>\n<p>Venez rencontrer des experts, partagez des exp\u00e9riences, et d\u00e9couvrez des ressources pr\u00e9cieuses.<\/p>\n<p>Forum ouvert aux parents d&rsquo;enfants en situation de handicap, entre 2 et 20 ans, qui sont \u00e0 la recherche d&rsquo;informations.<\/p>\n<p><img loading=\"lazy\" decoding=\"async\" class=\"alignleft size-full wp-image-3098\" src=\"https:\/\/www.collectifdromehandicap.fr\/wp-content\/uploads\/2026\/04\/Affiche-forum-Montelimar.png\" alt=\"\" width=\"668\" height=\"945\" srcset=\"https:\/\/www.collectifdromehandicap.fr\/wp-content\/uploads\/2026\/04\/Affiche-forum-Montelimar.png 668w, https:\/\/www.collectifdromehandicap.fr\/wp-content\/uploads\/2026\/04\/Affiche-forum-Montelimar-480x679.png 480w\" sizes=\"(min-width: 0px) and (max-width: 480px) 480px, (min-width: 481px) 668px, 100vw\" \/><\/p>\n<p><img loading=\"lazy\" decoding=\"async\" class=\"alignleft size-full wp-image-3101\" src=\"https:\/\/www.collectifdromehandicap.fr\/wp-content\/uploads\/2026\/04\/Affiche-forum-Montelimar-2.png\" alt=\"\" width=\"666\" height=\"943\" srcset=\"https:\/\/www.collectifdromehandicap.fr\/wp-content\/uploads\/2026\/04\/Affiche-forum-Montelimar-2.png 666w, https:\/\/www.collectifdromehandicap.fr\/wp-content\/uploads\/2026\/04\/Affiche-forum-Montelimar-2-480x680.png 480w\" sizes=\"(min-width: 0px) and (max-width: 480px) 480px, (min-width: 481px) 666px, 100vw\" \/><\/p>\n<p><img loading=\"lazy\" decoding=\"async\" class=\"alignleft size-full wp-image-3100\" src=\"https:\/\/www.collectifdromehandicap.fr\/wp-content\/uploads\/2026\/04\/Affiche-forum-Montelimar-3.png\" alt=\"\" width=\"667\" height=\"946\" srcset=\"https:\/\/www.collectifdromehandicap.fr\/wp-content\/uploads\/2026\/04\/Affiche-forum-Montelimar-3.png 667w, https:\/\/www.collectifdromehandicap.fr\/wp-content\/uploads\/2026\/04\/Affiche-forum-Montelimar-3-480x681.png 480w\" sizes=\"(min-width: 0px) and (max-width: 480px) 480px, (min-width: 481px) 667px, 100vw\" \/><\/p>\n<p><img loading=\"lazy\" decoding=\"async\" class=\"alignleft size-full wp-image-3099\" src=\"https:\/\/www.collectifdromehandicap.fr\/wp-content\/uploads\/2026\/04\/Affiche-forum-Montelimar-4.png\" alt=\"\" width=\"666\" height=\"946\" srcset=\"https:\/\/www.collectifdromehandicap.fr\/wp-content\/uploads\/2026\/04\/Affiche-forum-Montelimar-4.png 666w, https:\/\/www.collectifdromehandicap.fr\/wp-content\/uploads\/2026\/04\/Affiche-forum-Montelimar-4-480x682.png 480w\" sizes=\"(min-width: 0px) and (max-width: 480px) 480px, (min-width: 481px) 666px, 100vw\" \/><\/p>\n<p>&nbsp;<\/p>\n<p>&nbsp;<\/p>\n<p>&nbsp;<\/p>\n<p>&nbsp;<\/p>\n<p>&nbsp;<\/p>","excerpt":"","slug":"forum-vivre-et-grandir-avec-un-handicap-montelimar","image":false,"all_day":false,"start_date":"2026-06-10 15:00:00","start_date_details":{"year":"2026","month":"06","day":"10","hour":"15","minutes":"00","seconds":"00"},"end_date":"2026-06-10 17:00:00","end_date_details":{"year":"2026","month":"06","day":"10","hour":"17","minutes":"00","seconds":"00"},"utc_start_date":"2026-06-10 13:00:00","utc_start_date_details":{"year":"2026","month":"06","day":"10","hour":"13","minutes":"00","seconds":"00"},"utc_end_date":"2026-06-10 15:00:00","utc_end_date_details":{"year":"2026","month":"06","day":"10","hour":"15","minutes":"00","seconds":"00"},"timezone":"Europe\/Paris","timezone_abbr":"CEST","cost":"","cost_details":{"currency_symbol":"\u20ac","currency_code":"EUR","currency_position":"suffix","values":[]},"website":"","show_map":true,"show_map_link":true,"hide_from_listings":false,"sticky":false,"featured":false,"categories":[{"name":"Agenda","slug":"agenda","term_group":0,"term_taxonomy_id":12,"taxonomy":"tribe_events_cat","description":"","parent":0,"count":184,"filter":"raw","id":12,"urls":{"self":"https:\/\/www.collectifdromehandicap.fr\/index.php?rest_route=\/tribe\/events\/v1\/categories\/12","collection":"https:\/\/www.collectifdromehandicap.fr\/index.php?rest_route=\/tribe\/events\/v1\/categories"}}],"tags":[],"venue":{"id":3103,"author":"1","status":"publish","date":"2026-04-14 16:48:50","date_utc":"2026-04-14 14:48:50","modified":"2026-04-14 16:48:50","modified_utc":"2026-04-14 14:48:50","url":"https:\/\/www.collectifdromehandicap.fr\/?tribe_venue=ime-chateau-de-milan-montelimar","venue":"IME Ch\u00e2teau de Milan &#8211; Mont\u00e9limar","slug":"ime-chateau-de-milan-montelimar","json_ld":{"@type":"Place","name":"IME Ch\u00e2teau de Milan &#8211; Mont\u00e9limar","description":"","url":"","address":{"@type":"PostalAddress"},"telephone":"","sameAs":""},"show_map":true,"show_map_link":true,"global_id":"www.collectifdromehandicap.fr?id=3103","global_id_lineage":["www.collectifdromehandicap.fr?id=3103"]},"organizer":[{"id":2485,"author":"1","status":"publish","date":"2025-07-03 14:59:00","date_utc":"2025-07-03 14:59:00","modified":"2025-07-03 14:59:00","modified_utc":"2025-07-03 14:59:00","url":"https:\/\/www.collectifdromehandicap.fr\/?tribe_organizer=la-plateforme-de-repit-des-pep-sra","organizer":"La Plateforme de R\u00e9pit des PEP SRA","slug":"la-plateforme-de-repit-des-pep-sra","json_ld":{"@type":"Person","name":"La Plateforme de R\u00e9pit des PEP SRA","description":"","url":"","telephone":"","email":"","sameAs":""},"global_id":"www.collectifdromehandicap.fr?id=2485","global_id_lineage":["www.collectifdromehandicap.fr?id=2485"]}],"custom_fields":[],"json_ld":{"@context":"http:\/\/schema.org","@type":"Event","name":"Forum \u00ab\u00a0Vivre et grandir avec un handicap\u00a0\u00bb Mont\u00e9limar","description":"&lt;p&gt;Mieux comprendre les dispositifs et les parcours. Offrir un espace pour penser et d\u00e9couvrir le r\u00e9pit. Venez rencontrer des experts, partagez des exp\u00e9riences, et d\u00e9couvrez des ressources pr\u00e9cieuses. Forum ouvert [&hellip;]&lt;\/p&gt;\\n","url":"https:\/\/www.collectifdromehandicap.fr\/?tribe_events=forum-vivre-et-grandir-avec-un-handicap-montelimar","eventAttendanceMode":"https:\/\/schema.org\/OfflineEventAttendanceMode","eventStatus":"https:\/\/schema.org\/EventScheduled","startDate":"2026-06-10T15:00:00+02:00","endDate":"2026-06-10T17:00:00+02:00","location":{"@type":"Place","name":"IME Ch\u00e2teau de Milan &#8211; Mont\u00e9limar","description":"","url":"","address":{"@type":"PostalAddress"},"telephone":"","sameAs":""},"organizer":{"@type":"Person","name":"La Plateforme de R\u00e9pit des PEP SRA","description":"","url":"","telephone":"","email":"","sameAs":""},"performer":"Organization"}}