{"id":3113,"global_id":"www.collectifdromehandicap.fr?id=3113","global_id_lineage":["www.collectifdromehandicap.fr?id=3113"],"author":"1","status":"publish","date":"2026-04-24 17:35:02","date_utc":"2026-04-24 15:35:02","modified":"2026-04-24 17:41:45","modified_utc":"2026-04-24 15:41:45","url":"https:\/\/www.collectifdromehandicap.fr\/?tribe_events=soirees-en-audiodescription-aux-fetes-nocturnes-de-grignan-mar-11-aout-26","rest_url":"https:\/\/www.collectifdromehandicap.fr\/index.php?rest_route=\/tribe\/events\/v1\/events\/3113","title":"Soir\u00e9es en audiodescription aux F\u00eates Nocturnes de Grignan mar. 11 ao\u00fbt 26","description":"<div>Dans le cadre des\u00a0<b>F\u00eates Nocturnes 2026<\/b>\u00a0au Ch\u00e2teau de Grignan, nous avons le plaisir de vous proposer de participer \u00e0 l\u2019une de nos deux soir\u00e9es sp\u00e9cialement adapt\u00e9es en\u00a0<b>audiodescription<\/b>\u00a0:<\/div>\n<ul>\n<li><b>Le mercredi 22 juillet<\/b><\/li>\n<li><b>Le mardi 11 ao\u00fbt<\/b><\/li>\n<\/ul>\n<div>Pour cette 39e \u00e9dition, nous accueillons la pi\u00e8ce\u00a0<b><i>L\u2019\u00c9cole des femmes<\/i><\/b>\u00a0de Moli\u00e8re, mise en sc\u00e8ne par\u00a0<b>Robin Renucci<\/b>.<\/div>\n<div><b>Informations pratiques &amp; R\u00e9servation<\/b><\/div>\n<div>Si vous souhaitez b\u00e9n\u00e9ficier de l\u2019audiodescription, nous vous invitons \u00e0 contacter notre billetterie\u00a0<b>\u00e0 partir du 19 mai<\/b>\u00a0:<\/div>\n<ul>\n<li role=\"presentation\"><b>T\u00e9l\u00e9phone :<\/b>\u00a004 75 91 83 65<\/li>\n<li role=\"presentation\"><b>Horaires :<\/b>\u00a0Du lundi au vendredi, de 10h \u00e0 12h et de 14h \u00e0 17h.<\/li>\n<\/ul>\n<div>Vous trouverez \u00e9galement tous les d\u00e9tails de la programmation sur notre site :\u00a0<a id=\"m_4918813683875149032OWAf8efff93-5001-5ad4-8831-0702afe061b9\" href=\"https:\/\/www.chateaudegrignan.fr\/agenda\/fetes-nocturnes-de-grignan-2026\/\" target=\"_blank\" rel=\"noopener\" data-saferedirecturl=\"https:\/\/www.google.com\/url?q=https:\/\/www.chateaudegrignan.fr\/agenda\/fetes-nocturnes-de-grignan-2026\/&amp;source=gmail&amp;ust=1777128354474000&amp;usg=AOvVaw292YfijVniUQb_fDdTvBoF\">https:\/\/www.chateaudegrignan.<wbr \/>fr\/agenda\/fetes-nocturnes-de-<wbr \/>grignan-2026\/<\/a><\/div>\n<hr \/>\n<div><b>D\u00e9roulement de votre soir\u00e9e<\/b><\/div>\n<div>Afin de profiter pleinement de l\u2019exp\u00e9rience, voici l\u2019organisation pr\u00e9vue pour vous :<\/div>\n<ul>\n<li role=\"presentation\"><b>18h45 :<\/b>\u00a0Accueil pour les personnes souhaitant d\u00eener sur place avant la repr\u00e9sentation (sur r\u00e9servation)<\/li>\n<li role=\"presentation\"><b>19h45 :<\/b>\u00a0Accueil pour les spectateurs ne souhaitant pas manger sur place.<\/li>\n<li role=\"presentation\"><b>20h00 :<\/b>\u00a0<b>Rencontre privil\u00e9gi\u00e9e<\/b>\u00a0avec les com\u00e9diens.<\/li>\n<li role=\"presentation\"><b>21h00 :<\/b>\u00a0D\u00e9but du spectacle (dur\u00e9e pr\u00e9vue : environ 1h45).<\/li>\n<\/ul>\n<div>Nous vous attendons pour une soir\u00e9e riche en \u00e9motions au c\u0153ur du ch\u00e2teau.<\/div>\n<div>N\u2019h\u00e9sitez pas \u00e0 nous contacter pour toute question compl\u00e9mentaire !<\/div>\n<div>\n<table id=\"m_4918813683875149032x_table_0\" style=\"width: 252px; height: 174px;\" cellspacing=\"0\" cellpadding=\"0\">\n<tbody>\n<tr style=\"height: 36px;\">\n<td style=\"width: 248.352px; height: 36px;\" align=\"left\">\n<table cellspacing=\"0\" cellpadding=\"0\">\n<tbody>\n<tr>\n<td align=\"left\">\n<table>\n<tbody>\n<tr>\n<td><b>Ophelie<\/b><\/td>\n<\/tr>\n<\/tbody>\n<\/table>\n<\/td>\n<td align=\"left\">\n<table>\n<tbody>\n<tr>\n<td><b>DUTHUILLE\u2011BADIN<\/b><\/td>\n<\/tr>\n<\/tbody>\n<\/table>\n<\/td>\n<\/tr>\n<\/tbody>\n<\/table>\n<\/td>\n<\/tr>\n<tr style=\"height: 33px;\">\n<td style=\"width: 248.352px; height: 33px;\" align=\"left\">\n<table>\n<tbody>\n<tr>\n<td>Assistante\u00a0\u00e9v\u00e8nementiel<\/td>\n<\/tr>\n<\/tbody>\n<\/table>\n<\/td>\n<\/tr>\n<tr style=\"height: 33px;\">\n<td style=\"width: 248.352px; height: 33px;\" align=\"left\">\n<table>\n<tbody>\n<tr>\n<td>Rue\u00a0du\u00a0Ch\u00e2teau<\/td>\n<\/tr>\n<\/tbody>\n<\/table>\n<\/td>\n<\/tr>\n<tr style=\"height: 36px;\">\n<td style=\"width: 248.352px; height: 36px;\" align=\"left\">\n<table cellspacing=\"0\" cellpadding=\"0\">\n<tbody>\n<tr>\n<td align=\"left\">\n<table>\n<tbody>\n<tr>\n<td>26230<\/td>\n<\/tr>\n<\/tbody>\n<\/table>\n<\/td>\n<td align=\"left\">\n<table>\n<tbody>\n<tr>\n<td>GRIGNAN<\/td>\n<\/tr>\n<\/tbody>\n<\/table>\n<\/td>\n<\/tr>\n<\/tbody>\n<\/table>\n<\/td>\n<\/tr>\n<tr style=\"height: 36px;\">\n<td style=\"width: 248.352px; height: 36px;\" align=\"left\">\n<table style=\"width: 247px;\" cellspacing=\"0\" cellpadding=\"0\">\n<tbody>\n<tr>\n<td style=\"width: 132.543px;\" align=\"left\">\n<table style=\"width: 116px;\">\n<tbody>\n<tr>\n<td style=\"width: 10.8949px;\">T.<\/td>\n<td style=\"width: 0px;\"><\/td>\n<td style=\"width: 93.4233px;\">04\u00a075\u00a091\u00a083\u00a068<\/td>\n<\/tr>\n<\/tbody>\n<\/table>\n<\/td>\n<td style=\"width: 108.991px;\" align=\"left\">\n<table style=\"width: 109px;\">\n<tbody>\n<tr>\n<td style=\"width: 99.7301px;\">06\u00a089\u00a052\u00a025\u00a020<\/td>\n<\/tr>\n<\/tbody>\n<\/table>\n<\/td>\n<\/tr>\n<\/tbody>\n<\/table>\n<\/td>\n<\/tr>\n<\/tbody>\n<\/table>\n<\/div>\n<div><\/div>\n<div>\n<p><iframe loading=\"lazy\" title=\"Les F\u00eates nocturnes du ch\u00e2teau de Grignan, toute une histoire !\" width=\"1080\" height=\"608\" src=\"https:\/\/www.youtube.com\/embed\/G_1yIpD00cQ?feature=oembed\"  allow=\"accelerometer; autoplay; clipboard-write; encrypted-media; gyroscope; picture-in-picture; web-share\" referrerpolicy=\"strict-origin-when-cross-origin\" allowfullscreen><\/iframe><\/p>\n<\/div>","excerpt":"","slug":"soirees-en-audiodescription-aux-fetes-nocturnes-de-grignan-mar-11-aout-26","image":false,"all_day":false,"start_date":"2026-08-11 19:30:00","start_date_details":{"year":"2026","month":"08","day":"11","hour":"19","minutes":"30","seconds":"00"},"end_date":"2026-08-11 23:00:00","end_date_details":{"year":"2026","month":"08","day":"11","hour":"23","minutes":"00","seconds":"00"},"utc_start_date":"2026-08-11 17:30:00","utc_start_date_details":{"year":"2026","month":"08","day":"11","hour":"17","minutes":"30","seconds":"00"},"utc_end_date":"2026-08-11 21:00:00","utc_end_date_details":{"year":"2026","month":"08","day":"11","hour":"21","minutes":"00","seconds":"00"},"timezone":"Europe\/Paris","timezone_abbr":"CEST","cost":"","cost_details":{"currency_symbol":"\u20ac","currency_code":"EUR","currency_position":"suffix","values":[]},"website":"","show_map":true,"show_map_link":true,"hide_from_listings":false,"sticky":false,"featured":false,"categories":[{"name":"Agenda","slug":"agenda","term_group":0,"term_taxonomy_id":12,"taxonomy":"tribe_events_cat","description":"","parent":0,"count":184,"filter":"raw","id":12,"urls":{"self":"https:\/\/www.collectifdromehandicap.fr\/index.php?rest_route=\/tribe\/events\/v1\/categories\/12","collection":"https:\/\/www.collectifdromehandicap.fr\/index.php?rest_route=\/tribe\/events\/v1\/categories"}}],"tags":[],"venue":[],"organizer":[],"custom_fields":[],"json_ld":{"@context":"http:\/\/schema.org","@type":"Event","name":"Soir\u00e9es en audiodescription aux F\u00eates Nocturnes de Grignan mar. 11 ao\u00fbt 26","description":"&lt;p&gt;Dans le cadre des\u00a0F\u00eates Nocturnes 2026\u00a0au Ch\u00e2teau de Grignan, nous avons le plaisir de vous proposer de participer \u00e0 l\u2019une de nos deux soir\u00e9es sp\u00e9cialement adapt\u00e9es en\u00a0audiodescription\u00a0: Le mercredi 22 [&hellip;]&lt;\/p&gt;\\n","url":"https:\/\/www.collectifdromehandicap.fr\/?tribe_events=soirees-en-audiodescription-aux-fetes-nocturnes-de-grignan-mar-11-aout-26","eventAttendanceMode":"https:\/\/schema.org\/OfflineEventAttendanceMode","eventStatus":"https:\/\/schema.org\/EventScheduled","startDate":"2026-08-11T19:30:00+02:00","endDate":"2026-08-11T23:00:00+02:00","performer":"Organization"}}