{"id":1988,"date":"2024-07-29T13:53:16","date_gmt":"2024-07-29T13:53:16","guid":{"rendered":"https:\/\/www.collectifdromehandicap.fr\/?p=1988"},"modified":"2024-07-29T13:53:55","modified_gmt":"2024-07-29T13:53:55","slug":"quels-besoins-en-habitat-inclusif-sur-montelimar-et-environs","status":"publish","type":"post","link":"https:\/\/www.collectifdromehandicap.fr\/?p=1988","title":{"rendered":"Quels besoins en habitat inclusif sur Mont\u00e9limar et environs ?"},"content":{"rendered":"<p>[et_pb_section fb_built=\u00a0\u00bb1&Prime; make_equal=\u00a0\u00bbon\u00a0\u00bb use_custom_gutter=\u00a0\u00bbon\u00a0\u00bb gutter_width=\u00a0\u00bb2&Prime; specialty=\u00a0\u00bbon\u00a0\u00bb padding_top_2=\u00a0\u00bb20px\u00a0\u00bb padding_right_2=\u00a0\u00bb5%\u00a0\u00bb padding_2_tablet=\u00a0\u00bb0px|10%||10%||true\u00a0\u00bb padding_2_phone=\u00a0\u00bb\u00a0\u00bb padding_2_last_edited=\u00a0\u00bbon|tablet\u00a0\u00bb module_id=\u00a0\u00bbreturn-to-top\u00a0\u00bb _builder_version=\u00a0\u00bb4.19.5&Prime; inner_width=\u00a0\u00bb100%\u00a0\u00bb inner_max_width=\u00a0\u00bb100%\u00a0\u00bb custom_padding=\u00a0\u00bb15px||0px|||\u00a0\u00bb use_custom_width=\u00a0\u00bbon\u00a0\u00bb width_unit=\u00a0\u00bboff\u00a0\u00bb custom_width_percent=\u00a0\u00bb100%\u00a0\u00bb global_colors_info=\u00a0\u00bb{}\u00a0\u00bb theme_builder_area=\u00a0\u00bbpost_content\u00a0\u00bb][et_pb_column type=\u00a0\u00bb1_3&Prime; admin_label=\u00a0\u00bbColonne\u00a0\u00bb _builder_version=\u00a0\u00bb4.16&Prime; custom_padding=\u00a0\u00bb|||\u00a0\u00bb global_colors_info=\u00a0\u00bb{}\u00a0\u00bb custom_padding__hover=\u00a0\u00bb|||\u00a0\u00bb theme_builder_area=\u00a0\u00bbpost_content\u00a0\u00bb][et_pb_image src=\u00a0\u00bbhttps:\/\/www.collectifdromehandicap.fr\/wp-content\/uploads\/2024\/07\/APAJH-Montelimar.jpg\u00a0\u00bb alt=\u00a0\u00bbMDA\u00a0\u00bb title_text=\u00a0\u00bbAPAJH Mont\u00e9limar\u00a0\u00bb show_in_lightbox=\u00a0\u00bbon\u00a0\u00bb force_fullwidth=\u00a0\u00bbon\u00a0\u00bb align_tablet=\u00a0\u00bbcenter\u00a0\u00bb align_phone=\u00a0\u00bbcenter\u00a0\u00bb align_last_edited=\u00a0\u00bbon|desktop\u00a0\u00bb module_class=\u00a0\u00bbcentrer-verticalement\u00a0\u00bb _builder_version=\u00a0\u00bb4.27.0&Prime; custom_margin=\u00a0\u00bb|||\u00a0\u00bb custom_padding=\u00a0\u00bb|||\u00a0\u00bb animation_style=\u00a0\u00bbslide\u00a0\u00bb animation_direction=\u00a0\u00bbright\u00a0\u00bb animation_intensity_slide=\u00a0\u00bb5%\u00a0\u00bb hover_enabled=\u00a0\u00bb0&Prime; border_radii=\u00a0\u00bboff|0vw|0vw|0vw|0vw\u00a0\u00bb border_color_all=\u00a0\u00bbRGBA(255,255,255,0)\u00a0\u00bb border_style_all=\u00a0\u00bbnone\u00a0\u00bb border_width_bottom=\u00a0\u00bb2vw\u00a0\u00bb box_shadow_style=\u00a0\u00bbpreset2&Prime; box_shadow_color=\u00a0\u00bbrgba(102,141,186,0.7)\u00a0\u00bb locked=\u00a0\u00bboff\u00a0\u00bb global_colors_info=\u00a0\u00bb{}\u00a0\u00bb theme_builder_area=\u00a0\u00bbpost_content\u00a0\u00bb sticky_enabled=\u00a0\u00bb0&Prime;][\/et_pb_image][\/et_pb_column][et_pb_column type=\u00a0\u00bb2_3&Prime; specialty_columns=\u00a0\u00bb2&Prime; _builder_version=\u00a0\u00bb4.16&Prime; custom_padding=\u00a0\u00bb|||\u00a0\u00bb global_colors_info=\u00a0\u00bb{}\u00a0\u00bb padding_tablet=\u00a0\u00bb0px|10%||10%||true\u00a0\u00bb padding_last_edited=\u00a0\u00bbon|tablet\u00a0\u00bb custom_padding__hover=\u00a0\u00bb|||\u00a0\u00bb padding_phone=\u00a0\u00bb0px|10%||10%||true\u00a0\u00bb theme_builder_area=\u00a0\u00bbpost_content\u00a0\u00bb][et_pb_row_inner module_id=\u00a0\u00bbreturn-to-top\u00a0\u00bb module_class=\u00a0\u00bbcentrer-verticalement\u00a0\u00bb _builder_version=\u00a0\u00bb4.21.0&Prime; custom_padding=\u00a0\u00bb31.6px|0px|0|0px|false|false\u00a0\u00bb global_colors_info=\u00a0\u00bb{}\u00a0\u00bb theme_builder_area=\u00a0\u00bbpost_content\u00a0\u00bb][et_pb_column_inner saved_specialty_column_type=\u00a0\u00bb2_3&Prime; _builder_version=\u00a0\u00bb4.16&Prime; custom_padding=\u00a0\u00bb|||\u00a0\u00bb global_colors_info=\u00a0\u00bb{}\u00a0\u00bb custom_padding__hover=\u00a0\u00bb|||\u00a0\u00bb theme_builder_area=\u00a0\u00bbpost_content\u00a0\u00bb][et_pb_icon font_icon=\u00a0\u00bb&#xe065;||fa||900&Prime; icon_color=\u00a0\u00bb#fe6400&Prime; icon_width=\u00a0\u00bb70px\u00a0\u00bb align=\u00a0\u00bbleft\u00a0\u00bb _builder_version=\u00a0\u00bb4.27.0&Prime; _module_preset=\u00a0\u00bbdefault\u00a0\u00bb transform_scale=\u00a0\u00bb68%|68%\u00a0\u00bb custom_margin=\u00a0\u00bb|377px||||\u00a0\u00bb custom_padding=\u00a0\u00bb|||4px||\u00a0\u00bb hover_enabled=\u00a0\u00bb0&Prime; global_colors_info=\u00a0\u00bb{}\u00a0\u00bb theme_builder_area=\u00a0\u00bbpost_content\u00a0\u00bb sticky_enabled=\u00a0\u00bb0&Prime;][\/et_pb_icon][\/et_pb_column_inner][\/et_pb_row_inner][et_pb_row_inner _builder_version=\u00a0\u00bb4.21.0&Prime; _module_preset=\u00a0\u00bbdefault\u00a0\u00bb global_colors_info=\u00a0\u00bb{}\u00a0\u00bb theme_builder_area=\u00a0\u00bbpost_content\u00a0\u00bb][et_pb_column_inner saved_specialty_column_type=\u00a0\u00bb2_3&Prime; _builder_version=\u00a0\u00bb4.21.0&Prime; _module_preset=\u00a0\u00bbdefault\u00a0\u00bb global_colors_info=\u00a0\u00bb{}\u00a0\u00bb theme_builder_area=\u00a0\u00bbpost_content\u00a0\u00bb][et_pb_text _builder_version=\u00a0\u00bb4.27.0&Prime; _module_preset=\u00a0\u00bbdefault\u00a0\u00bb theme_builder_area=\u00a0\u00bbpost_content\u00a0\u00bb hover_enabled=\u00a0\u00bb0&Prime; sticky_enabled=\u00a0\u00bb0&Prime;]<\/p>\n<p>Nous sommes parents d\u2019un jeune de 17 ans affect\u00e9 par une trisomie 21 mais n\u00e9anmoins heureux de vivre, et cela le plus possible avec les jeunes de son \u00e2ge\u2026\u00a0\u00a0Quel avenir pour lui ?<\/p>\n<p>Actuellement en IME, il pr\u00e9pare des capacit\u00e9s professionnelles qui, nous l\u2019esp\u00e9rons, lui permettront de travailler en milieu ordinaire, moyennant un accompagnement adapt\u00e9. Autonome dans les actes de la vie quotidienne, il devrait pouvoir entretenir correctement un petit logement, et \u00e9viter ainsi un foyer de vie qu\u2019on pr\u00e9f\u00e8re laisser \u00e0 ceux qui n\u2019ont pas l\u2019autonomie suffisante ou simplement l\u2019envie d\u2019avoir un \u201cchez soi\u201d&#8230;<\/p>\n<p>Tr\u00e8s pr\u00e9sent socialement \u00e0 Mont\u00e9limar et alentours, nous souhaitons que cette vie sociale riche demeure ensuite lorsqu\u2019il sera v\u00e9ritablement entr\u00e9 dans la vie active. C\u2019est pourquoi nous r\u00e9fl\u00e9chissons \u00e0 une forme d\u2019habitat inclusif, qui lui correspondrait mieux qu\u2019une structure de type Foyer.<\/p>\n<p>Le projet \u00e9labor\u00e9 avec un partenaire tr\u00e8s actif dans l\u2019h\u00e9bergement social et qui pr\u00f4ne la mixit\u00e9 des publics, est ax\u00e9 sur un habitat inclusif et interg\u00e9n\u00e9rationnel. Ce projet comporte une vingtaine de logements, r\u00e9partis par tiers entre personnes \u00e2g\u00e9es, personnes en situation de handicap, et familles \u00e0 faible revenus, \u00e9tudiants en colocation\u2026.<\/p>\n<p>Chacun des r\u00e9sidents adh\u00e8re \u00e0 une \u201ccharte de vie partag\u00e9e\u201d\u00a0 afin que le groupe soit accompagn\u00e9 par un animateur r\u00e9mun\u00e9r\u00e9 gr\u00e2ce \u00e0 \u201cl\u2019Allocation de Vie Partag\u00e9e\u201d. Cette allocation est\u00a0 attribu\u00e9e par la Conf\u00e9rence des financeurs aux projets qui r\u00e9pondent au cahier des charges de l\u2019Habitat inclusif. L&rsquo;objectif est l\u2019entraide entre les r\u00e9sidents et l\u2019insertion dans la vie du\u00a0 quartier, de la cit\u00e9\u2026etc.<\/p>\n<p>Nous sommes actuellement en phase de recherche d\u2019un\u00a0 terrain ou d\u2019un immeuble pour concr\u00e9tiser cette d\u00e9marche \u00e0 moyen terme (4 ou 5 ans ?)&#8230;<\/p>\n<p>Nous sommes persuad\u00e9s que des jeunes de Mont\u00e9limar et de ses environs seraient int\u00e9ress\u00e9s par ce type d\u2019habitat qui a fait ses preuves en d\u2019autres lieux, mais les partenaires locaux, les \u00e9lus, ont besoin de donn\u00e9es chiffr\u00e9es pour donner du cr\u00e9dit \u00e0 cette demande\u2026<\/p>\n<p>C\u2019est l\u2019objet de cette information: recueillir les avis des personnes \u00e9ventuellement int\u00e9ress\u00e9es par ce projet afin de prouver la n\u00e9cessit\u00e9 d\u2019une telle structure.<\/p>\n<p>Si vous \u00eates int\u00e9ress\u00e9s ou si vous souhaitez avoir plus d\u2019informations \u00e0 ce propos,<\/p>\n<p>merci de prendre contact avec<\/p>\n<p>Dominique MOREAU<\/p>\n<p>dmoreau26200@gmail.com<\/p>\n<p>[\/et_pb_text][\/et_pb_column_inner][\/et_pb_row_inner][et_pb_row_inner _builder_version=\u00a0\u00bb4.19.5&Prime; _module_preset=\u00a0\u00bbdefault\u00a0\u00bb custom_padding=\u00a0\u00bb||0px|||\u00a0\u00bb global_colors_info=\u00a0\u00bb{}\u00a0\u00bb theme_builder_area=\u00a0\u00bbpost_content\u00a0\u00bb][et_pb_column_inner saved_specialty_column_type=\u00a0\u00bb2_3&Prime; _builder_version=\u00a0\u00bb4.19.5&Prime; _module_preset=\u00a0\u00bbdefault\u00a0\u00bb global_colors_info=\u00a0\u00bb{}\u00a0\u00bb theme_builder_area=\u00a0\u00bbpost_content\u00a0\u00bb][et_pb_blurb use_icon=\u00a0\u00bbon\u00a0\u00bb font_icon=\u00a0\u00bb&#x46;||divi||400&Prime; icon_color=\u00a0\u00bb#FE6400&Prime; image_icon_width=\u00a0\u00bb58px\u00a0\u00bb module_class=\u00a0\u00bbRetun-to-top\u00a0\u00bb _builder_version=\u00a0\u00bb4.19.5&Prime; _module_preset=\u00a0\u00bbdefault\u00a0\u00bb transform_scale=\u00a0\u00bb60%|60%\u00a0\u00bb positioning=\u00a0\u00bbfixed\u00a0\u00bb position_origin_f=\u00a0\u00bbbottom_right\u00a0\u00bb link_option_url=\u00a0\u00bb#return-to-top\u00a0\u00bb global_colors_info=\u00a0\u00bb{}\u00a0\u00bb theme_builder_area=\u00a0\u00bbpost_content\u00a0\u00bb][\/et_pb_blurb][\/et_pb_column_inner][\/et_pb_row_inner][\/et_pb_column][\/et_pb_section]<\/p>\n","protected":false},"excerpt":{"rendered":"<p>Nous sommes parents d\u2019un jeune de 17 ans affect\u00e9 par une trisomie 21 mais n\u00e9anmoins heureux de vivre, et cela le plus possible avec les jeunes de son \u00e2ge\u2026\u00a0\u00a0Quel avenir pour lui ? Actuellement en IME, il pr\u00e9pare des capacit\u00e9s professionnelles qui, nous l\u2019esp\u00e9rons, lui permettront de travailler en milieu ordinaire, moyennant un accompagnement adapt\u00e9. Autonome dans les actes de la vie quotidienne, il devrait pouvoir entretenir correctement un petit logement, et \u00e9viter ainsi un foyer de vie qu\u2019on pr\u00e9f\u00e8re laisser \u00e0 ceux qui n\u2019ont pas l\u2019autonomie suffisante ou simplement l\u2019envie d\u2019avoir un \u201cchez soi\u201d&#8230; Tr\u00e8s pr\u00e9sent socialement \u00e0 Mont\u00e9limar et alentours, nous souhaitons que cette vie sociale riche demeure ensuite lorsqu\u2019il sera v\u00e9ritablement entr\u00e9 dans la vie active. C\u2019est pourquoi nous r\u00e9fl\u00e9chissons \u00e0 une forme d\u2019habitat inclusif, qui lui correspondrait mieux qu\u2019une structure de type Foyer. Le projet \u00e9labor\u00e9 avec un partenaire tr\u00e8s actif dans l\u2019h\u00e9bergement social et qui pr\u00f4ne la mixit\u00e9 des publics, est ax\u00e9 sur un habitat inclusif et interg\u00e9n\u00e9rationnel. Ce projet comporte une vingtaine de logements, r\u00e9partis par tiers entre personnes \u00e2g\u00e9es, personnes en situation de handicap, et familles \u00e0 faible revenus, \u00e9tudiants en colocation\u2026. Chacun des r\u00e9sidents adh\u00e8re \u00e0 une \u201ccharte de vie partag\u00e9e\u201d\u00a0 afin [&hellip;]<\/p>\n","protected":false},"author":1,"featured_media":0,"comment_status":"closed","ping_status":"open","sticky":false,"template":"","format":"standard","meta":{"_et_pb_use_builder":"on","_et_pb_old_content":"","_et_gb_content_width":"1277","footnotes":""},"categories":[11],"tags":[],"class_list":["post-1988","post","type-post","status-publish","format-standard","hentry","category-actualites"],"yoast_head":"<!-- This site is optimized with the Yoast SEO plugin v27.5 - https:\/\/yoast.com\/product\/yoast-seo-wordpress\/ -->\n<title>Quels besoins en habitat inclusif sur Mont\u00e9limar et environs ? - Le Collectif Dr\u00f4me Handicap<\/title>\n<meta name=\"robots\" content=\"index, follow, max-snippet:-1, max-image-preview:large, max-video-preview:-1\" \/>\n<link rel=\"canonical\" href=\"https:\/\/www.collectifdromehandicap.fr\/?p=1988\" \/>\n<meta property=\"og:locale\" content=\"fr_FR\" \/>\n<meta property=\"og:type\" content=\"article\" \/>\n<meta property=\"og:title\" content=\"Quels besoins en habitat inclusif sur Mont\u00e9limar et environs ? - Le Collectif Dr\u00f4me Handicap\" \/>\n<meta property=\"og:description\" content=\"Nous sommes parents d\u2019un jeune de 17 ans affect\u00e9 par une trisomie 21 mais n\u00e9anmoins heureux de vivre, et cela le plus possible avec les jeunes de son \u00e2ge\u2026\u00a0\u00a0Quel avenir pour lui ? Actuellement en IME, il pr\u00e9pare des capacit\u00e9s professionnelles qui, nous l\u2019esp\u00e9rons, lui permettront de travailler en milieu ordinaire, moyennant un accompagnement adapt\u00e9. Autonome dans les actes de la vie quotidienne, il devrait pouvoir entretenir correctement un petit logement, et \u00e9viter ainsi un foyer de vie qu\u2019on pr\u00e9f\u00e8re laisser \u00e0 ceux qui n\u2019ont pas l\u2019autonomie suffisante ou simplement l\u2019envie d\u2019avoir un \u201cchez soi\u201d... Tr\u00e8s pr\u00e9sent socialement \u00e0 Mont\u00e9limar et alentours, nous souhaitons que cette vie sociale riche demeure ensuite lorsqu\u2019il sera v\u00e9ritablement entr\u00e9 dans la vie active. C\u2019est pourquoi nous r\u00e9fl\u00e9chissons \u00e0 une forme d\u2019habitat inclusif, qui lui correspondrait mieux qu\u2019une structure de type Foyer. Le projet \u00e9labor\u00e9 avec un partenaire tr\u00e8s actif dans l\u2019h\u00e9bergement social et qui pr\u00f4ne la mixit\u00e9 des publics, est ax\u00e9 sur un habitat inclusif et interg\u00e9n\u00e9rationnel. Ce projet comporte une vingtaine de logements, r\u00e9partis par tiers entre personnes \u00e2g\u00e9es, personnes en situation de handicap, et familles \u00e0 faible revenus, \u00e9tudiants en colocation\u2026. Chacun des r\u00e9sidents adh\u00e8re \u00e0 une \u201ccharte de vie partag\u00e9e\u201d\u00a0 afin [&hellip;]\" \/>\n<meta property=\"og:url\" content=\"https:\/\/www.collectifdromehandicap.fr\/?p=1988\" \/>\n<meta property=\"og:site_name\" content=\"Le Collectif Dr\u00f4me Handicap\" \/>\n<meta property=\"article:published_time\" content=\"2024-07-29T13:53:16+00:00\" \/>\n<meta property=\"article:modified_time\" content=\"2024-07-29T13:53:55+00:00\" \/>\n<meta name=\"author\" content=\"CDH\" \/>\n<meta name=\"twitter:card\" content=\"summary_large_image\" \/>\n<meta name=\"twitter:label1\" content=\"\u00c9crit par\" \/>\n\t<meta name=\"twitter:data1\" content=\"CDH\" \/>\n<script type=\"application\/ld+json\" class=\"yoast-schema-graph\">{\"@context\":\"https:\\\/\\\/schema.org\",\"@graph\":[{\"@type\":\"Article\",\"@id\":\"https:\\\/\\\/www.collectifdromehandicap.fr\\\/?p=1988#article\",\"isPartOf\":{\"@id\":\"https:\\\/\\\/www.collectifdromehandicap.fr\\\/?p=1988\"},\"author\":{\"name\":\"CDH\",\"@id\":\"https:\\\/\\\/www.collectifdromehandicap.fr\\\/#\\\/schema\\\/person\\\/f501dbba682e3fd3862f2d9a019805f9\"},\"headline\":\"Quels besoins en habitat inclusif sur Mont\u00e9limar et environs ?\",\"datePublished\":\"2024-07-29T13:53:16+00:00\",\"dateModified\":\"2024-07-29T13:53:55+00:00\",\"mainEntityOfPage\":{\"@id\":\"https:\\\/\\\/www.collectifdromehandicap.fr\\\/?p=1988\"},\"wordCount\":925,\"publisher\":{\"@id\":\"https:\\\/\\\/www.collectifdromehandicap.fr\\\/#organization\"},\"articleSection\":[\"Actualit\u00e9s\"],\"inLanguage\":\"fr-FR\"},{\"@type\":\"WebPage\",\"@id\":\"https:\\\/\\\/www.collectifdromehandicap.fr\\\/?p=1988\",\"url\":\"https:\\\/\\\/www.collectifdromehandicap.fr\\\/?p=1988\",\"name\":\"Quels besoins en habitat inclusif sur Mont\u00e9limar et environs ? - Le Collectif Dr\u00f4me Handicap\",\"isPartOf\":{\"@id\":\"https:\\\/\\\/www.collectifdromehandicap.fr\\\/#website\"},\"datePublished\":\"2024-07-29T13:53:16+00:00\",\"dateModified\":\"2024-07-29T13:53:55+00:00\",\"breadcrumb\":{\"@id\":\"https:\\\/\\\/www.collectifdromehandicap.fr\\\/?p=1988#breadcrumb\"},\"inLanguage\":\"fr-FR\",\"potentialAction\":[{\"@type\":\"ReadAction\",\"target\":[\"https:\\\/\\\/www.collectifdromehandicap.fr\\\/?p=1988\"]}]},{\"@type\":\"BreadcrumbList\",\"@id\":\"https:\\\/\\\/www.collectifdromehandicap.fr\\\/?p=1988#breadcrumb\",\"itemListElement\":[{\"@type\":\"ListItem\",\"position\":1,\"name\":\"Accueil\",\"item\":\"https:\\\/\\\/www.collectifdromehandicap.fr\\\/\"},{\"@type\":\"ListItem\",\"position\":2,\"name\":\"Quels besoins en habitat inclusif sur Mont\u00e9limar et environs ?\"}]},{\"@type\":\"WebSite\",\"@id\":\"https:\\\/\\\/www.collectifdromehandicap.fr\\\/#website\",\"url\":\"https:\\\/\\\/www.collectifdromehandicap.fr\\\/\",\"name\":\"Le Collectif Dr\u00f4me Handicap\",\"description\":\"Un groupement qui fait bouger les lignes du handicap\",\"publisher\":{\"@id\":\"https:\\\/\\\/www.collectifdromehandicap.fr\\\/#organization\"},\"potentialAction\":[{\"@type\":\"SearchAction\",\"target\":{\"@type\":\"EntryPoint\",\"urlTemplate\":\"https:\\\/\\\/www.collectifdromehandicap.fr\\\/?s={search_term_string}\"},\"query-input\":{\"@type\":\"PropertyValueSpecification\",\"valueRequired\":true,\"valueName\":\"search_term_string\"}}],\"inLanguage\":\"fr-FR\"},{\"@type\":\"Organization\",\"@id\":\"https:\\\/\\\/www.collectifdromehandicap.fr\\\/#organization\",\"name\":\"Le Collectif Dr\u00f4me Handicap\",\"url\":\"https:\\\/\\\/www.collectifdromehandicap.fr\\\/\",\"logo\":{\"@type\":\"ImageObject\",\"inLanguage\":\"fr-FR\",\"@id\":\"https:\\\/\\\/www.collectifdromehandicap.fr\\\/#\\\/schema\\\/logo\\\/image\\\/\",\"url\":\"https:\\\/\\\/www.collectifdromehandicap.fr\\\/wp-content\\\/uploads\\\/2023\\\/02\\\/logo-cdh.png\",\"contentUrl\":\"https:\\\/\\\/www.collectifdromehandicap.fr\\\/wp-content\\\/uploads\\\/2023\\\/02\\\/logo-cdh.png\",\"width\":1059,\"height\":304,\"caption\":\"Le Collectif Dr\u00f4me Handicap\"},\"image\":{\"@id\":\"https:\\\/\\\/www.collectifdromehandicap.fr\\\/#\\\/schema\\\/logo\\\/image\\\/\"}},{\"@type\":\"Person\",\"@id\":\"https:\\\/\\\/www.collectifdromehandicap.fr\\\/#\\\/schema\\\/person\\\/f501dbba682e3fd3862f2d9a019805f9\",\"name\":\"CDH\",\"image\":{\"@type\":\"ImageObject\",\"inLanguage\":\"fr-FR\",\"@id\":\"https:\\\/\\\/secure.gravatar.com\\\/avatar\\\/810aa66cd2a247965f4ce7b0a145e4de1f0e81e5102738890bf9e37af007f016?s=96&d=mm&r=g\",\"url\":\"https:\\\/\\\/secure.gravatar.com\\\/avatar\\\/810aa66cd2a247965f4ce7b0a145e4de1f0e81e5102738890bf9e37af007f016?s=96&d=mm&r=g\",\"contentUrl\":\"https:\\\/\\\/secure.gravatar.com\\\/avatar\\\/810aa66cd2a247965f4ce7b0a145e4de1f0e81e5102738890bf9e37af007f016?s=96&d=mm&r=g\",\"caption\":\"CDH\"},\"sameAs\":[\"https:\\\/\\\/www.collectifdromehandicap.fr\"],\"url\":\"https:\\\/\\\/www.collectifdromehandicap.fr\\\/?author=1\"}]}<\/script>\n<!-- \/ Yoast SEO plugin. -->","yoast_head_json":{"title":"Quels besoins en habitat inclusif sur Mont\u00e9limar et environs ? - Le Collectif Dr\u00f4me Handicap","robots":{"index":"index","follow":"follow","max-snippet":"max-snippet:-1","max-image-preview":"max-image-preview:large","max-video-preview":"max-video-preview:-1"},"canonical":"https:\/\/www.collectifdromehandicap.fr\/?p=1988","og_locale":"fr_FR","og_type":"article","og_title":"Quels besoins en habitat inclusif sur Mont\u00e9limar et environs ? - Le Collectif Dr\u00f4me Handicap","og_description":"Nous sommes parents d\u2019un jeune de 17 ans affect\u00e9 par une trisomie 21 mais n\u00e9anmoins heureux de vivre, et cela le plus possible avec les jeunes de son \u00e2ge\u2026\u00a0\u00a0Quel avenir pour lui ? Actuellement en IME, il pr\u00e9pare des capacit\u00e9s professionnelles qui, nous l\u2019esp\u00e9rons, lui permettront de travailler en milieu ordinaire, moyennant un accompagnement adapt\u00e9. Autonome dans les actes de la vie quotidienne, il devrait pouvoir entretenir correctement un petit logement, et \u00e9viter ainsi un foyer de vie qu\u2019on pr\u00e9f\u00e8re laisser \u00e0 ceux qui n\u2019ont pas l\u2019autonomie suffisante ou simplement l\u2019envie d\u2019avoir un \u201cchez soi\u201d... Tr\u00e8s pr\u00e9sent socialement \u00e0 Mont\u00e9limar et alentours, nous souhaitons que cette vie sociale riche demeure ensuite lorsqu\u2019il sera v\u00e9ritablement entr\u00e9 dans la vie active. C\u2019est pourquoi nous r\u00e9fl\u00e9chissons \u00e0 une forme d\u2019habitat inclusif, qui lui correspondrait mieux qu\u2019une structure de type Foyer. Le projet \u00e9labor\u00e9 avec un partenaire tr\u00e8s actif dans l\u2019h\u00e9bergement social et qui pr\u00f4ne la mixit\u00e9 des publics, est ax\u00e9 sur un habitat inclusif et interg\u00e9n\u00e9rationnel. Ce projet comporte une vingtaine de logements, r\u00e9partis par tiers entre personnes \u00e2g\u00e9es, personnes en situation de handicap, et familles \u00e0 faible revenus, \u00e9tudiants en colocation\u2026. Chacun des r\u00e9sidents adh\u00e8re \u00e0 une \u201ccharte de vie partag\u00e9e\u201d\u00a0 afin [&hellip;]","og_url":"https:\/\/www.collectifdromehandicap.fr\/?p=1988","og_site_name":"Le Collectif Dr\u00f4me Handicap","article_published_time":"2024-07-29T13:53:16+00:00","article_modified_time":"2024-07-29T13:53:55+00:00","author":"CDH","twitter_card":"summary_large_image","twitter_misc":{"\u00c9crit par":"CDH"},"schema":{"@context":"https:\/\/schema.org","@graph":[{"@type":"Article","@id":"https:\/\/www.collectifdromehandicap.fr\/?p=1988#article","isPartOf":{"@id":"https:\/\/www.collectifdromehandicap.fr\/?p=1988"},"author":{"name":"CDH","@id":"https:\/\/www.collectifdromehandicap.fr\/#\/schema\/person\/f501dbba682e3fd3862f2d9a019805f9"},"headline":"Quels besoins en habitat inclusif sur Mont\u00e9limar et environs ?","datePublished":"2024-07-29T13:53:16+00:00","dateModified":"2024-07-29T13:53:55+00:00","mainEntityOfPage":{"@id":"https:\/\/www.collectifdromehandicap.fr\/?p=1988"},"wordCount":925,"publisher":{"@id":"https:\/\/www.collectifdromehandicap.fr\/#organization"},"articleSection":["Actualit\u00e9s"],"inLanguage":"fr-FR"},{"@type":"WebPage","@id":"https:\/\/www.collectifdromehandicap.fr\/?p=1988","url":"https:\/\/www.collectifdromehandicap.fr\/?p=1988","name":"Quels besoins en habitat inclusif sur Mont\u00e9limar et environs ? - Le Collectif Dr\u00f4me Handicap","isPartOf":{"@id":"https:\/\/www.collectifdromehandicap.fr\/#website"},"datePublished":"2024-07-29T13:53:16+00:00","dateModified":"2024-07-29T13:53:55+00:00","breadcrumb":{"@id":"https:\/\/www.collectifdromehandicap.fr\/?p=1988#breadcrumb"},"inLanguage":"fr-FR","potentialAction":[{"@type":"ReadAction","target":["https:\/\/www.collectifdromehandicap.fr\/?p=1988"]}]},{"@type":"BreadcrumbList","@id":"https:\/\/www.collectifdromehandicap.fr\/?p=1988#breadcrumb","itemListElement":[{"@type":"ListItem","position":1,"name":"Accueil","item":"https:\/\/www.collectifdromehandicap.fr\/"},{"@type":"ListItem","position":2,"name":"Quels besoins en habitat inclusif sur Mont\u00e9limar et environs ?"}]},{"@type":"WebSite","@id":"https:\/\/www.collectifdromehandicap.fr\/#website","url":"https:\/\/www.collectifdromehandicap.fr\/","name":"Le Collectif Dr\u00f4me Handicap","description":"Un groupement qui fait bouger les lignes du handicap","publisher":{"@id":"https:\/\/www.collectifdromehandicap.fr\/#organization"},"potentialAction":[{"@type":"SearchAction","target":{"@type":"EntryPoint","urlTemplate":"https:\/\/www.collectifdromehandicap.fr\/?s={search_term_string}"},"query-input":{"@type":"PropertyValueSpecification","valueRequired":true,"valueName":"search_term_string"}}],"inLanguage":"fr-FR"},{"@type":"Organization","@id":"https:\/\/www.collectifdromehandicap.fr\/#organization","name":"Le Collectif Dr\u00f4me Handicap","url":"https:\/\/www.collectifdromehandicap.fr\/","logo":{"@type":"ImageObject","inLanguage":"fr-FR","@id":"https:\/\/www.collectifdromehandicap.fr\/#\/schema\/logo\/image\/","url":"https:\/\/www.collectifdromehandicap.fr\/wp-content\/uploads\/2023\/02\/logo-cdh.png","contentUrl":"https:\/\/www.collectifdromehandicap.fr\/wp-content\/uploads\/2023\/02\/logo-cdh.png","width":1059,"height":304,"caption":"Le Collectif Dr\u00f4me Handicap"},"image":{"@id":"https:\/\/www.collectifdromehandicap.fr\/#\/schema\/logo\/image\/"}},{"@type":"Person","@id":"https:\/\/www.collectifdromehandicap.fr\/#\/schema\/person\/f501dbba682e3fd3862f2d9a019805f9","name":"CDH","image":{"@type":"ImageObject","inLanguage":"fr-FR","@id":"https:\/\/secure.gravatar.com\/avatar\/810aa66cd2a247965f4ce7b0a145e4de1f0e81e5102738890bf9e37af007f016?s=96&d=mm&r=g","url":"https:\/\/secure.gravatar.com\/avatar\/810aa66cd2a247965f4ce7b0a145e4de1f0e81e5102738890bf9e37af007f016?s=96&d=mm&r=g","contentUrl":"https:\/\/secure.gravatar.com\/avatar\/810aa66cd2a247965f4ce7b0a145e4de1f0e81e5102738890bf9e37af007f016?s=96&d=mm&r=g","caption":"CDH"},"sameAs":["https:\/\/www.collectifdromehandicap.fr"],"url":"https:\/\/www.collectifdromehandicap.fr\/?author=1"}]}},"_links":{"self":[{"href":"https:\/\/www.collectifdromehandicap.fr\/index.php?rest_route=\/wp\/v2\/posts\/1988","targetHints":{"allow":["GET"]}}],"collection":[{"href":"https:\/\/www.collectifdromehandicap.fr\/index.php?rest_route=\/wp\/v2\/posts"}],"about":[{"href":"https:\/\/www.collectifdromehandicap.fr\/index.php?rest_route=\/wp\/v2\/types\/post"}],"author":[{"embeddable":true,"href":"https:\/\/www.collectifdromehandicap.fr\/index.php?rest_route=\/wp\/v2\/users\/1"}],"replies":[{"embeddable":true,"href":"https:\/\/www.collectifdromehandicap.fr\/index.php?rest_route=%2Fwp%2Fv2%2Fcomments&post=1988"}],"version-history":[{"count":3,"href":"https:\/\/www.collectifdromehandicap.fr\/index.php?rest_route=\/wp\/v2\/posts\/1988\/revisions"}],"predecessor-version":[{"id":1992,"href":"https:\/\/www.collectifdromehandicap.fr\/index.php?rest_route=\/wp\/v2\/posts\/1988\/revisions\/1992"}],"wp:attachment":[{"href":"https:\/\/www.collectifdromehandicap.fr\/index.php?rest_route=%2Fwp%2Fv2%2Fmedia&parent=1988"}],"wp:term":[{"taxonomy":"category","embeddable":true,"href":"https:\/\/www.collectifdromehandicap.fr\/index.php?rest_route=%2Fwp%2Fv2%2Fcategories&post=1988"},{"taxonomy":"post_tag","embeddable":true,"href":"https:\/\/www.collectifdromehandicap.fr\/index.php?rest_route=%2Fwp%2Fv2%2Ftags&post=1988"}],"curies":[{"name":"wp","href":"https:\/\/api.w.org\/{rel}","templated":true}]}}