{"id":2119,"date":"2024-09-16T14:25:45","date_gmt":"2024-09-16T14:25:45","guid":{"rendered":"https:\/\/www.collectifdromehandicap.fr\/?p=2119"},"modified":"2024-09-16T14:25:45","modified_gmt":"2024-09-16T14:25:45","slug":"participez-a-lenquete-sur-les-restes-a-charge-invisibles","status":"publish","type":"post","link":"https:\/\/www.collectifdromehandicap.fr\/?p=2119","title":{"rendered":"Participez \u00e0 l&rsquo;enqu\u00eate sur les \u00ab\u00a0restes \u00e0 charge invisibles\u00a0\u00bb !"},"content":{"rendered":"<p>[et_pb_section fb_built=\u00a0\u00bb1&Prime; make_equal=\u00a0\u00bbon\u00a0\u00bb use_custom_gutter=\u00a0\u00bbon\u00a0\u00bb gutter_width=\u00a0\u00bb2&Prime; specialty=\u00a0\u00bbon\u00a0\u00bb padding_top_2=\u00a0\u00bb20px\u00a0\u00bb padding_right_2=\u00a0\u00bb5%\u00a0\u00bb padding_2_tablet=\u00a0\u00bb0px|10%||10%||true\u00a0\u00bb padding_2_phone=\u00a0\u00bb\u00a0\u00bb padding_2_last_edited=\u00a0\u00bbon|tablet\u00a0\u00bb module_id=\u00a0\u00bbreturn-to-top\u00a0\u00bb _builder_version=\u00a0\u00bb4.19.5&Prime; inner_width=\u00a0\u00bb100%\u00a0\u00bb inner_max_width=\u00a0\u00bb100%\u00a0\u00bb custom_padding=\u00a0\u00bb15px||0px|||\u00a0\u00bb use_custom_width=\u00a0\u00bbon\u00a0\u00bb width_unit=\u00a0\u00bboff\u00a0\u00bb custom_width_percent=\u00a0\u00bb100%\u00a0\u00bb global_colors_info=\u00a0\u00bb{}\u00a0\u00bb theme_builder_area=\u00a0\u00bbpost_content\u00a0\u00bb][et_pb_column type=\u00a0\u00bb1_3&Prime; admin_label=\u00a0\u00bbColonne\u00a0\u00bb _builder_version=\u00a0\u00bb4.16&Prime; custom_padding=\u00a0\u00bb|||\u00a0\u00bb global_colors_info=\u00a0\u00bb{}\u00a0\u00bb custom_padding__hover=\u00a0\u00bb|||\u00a0\u00bb theme_builder_area=\u00a0\u00bbpost_content\u00a0\u00bb][et_pb_image src=\u00a0\u00bbhttps:\/\/www.collectifdromehandicap.fr\/wp-content\/uploads\/2024\/09\/france-assos-sante.png\u00a0\u00bb alt=\u00a0\u00bbMDA\u00a0\u00bb title_text=\u00a0\u00bbLes PEP SRA\u00a0\u00bb show_in_lightbox=\u00a0\u00bbon\u00a0\u00bb force_fullwidth=\u00a0\u00bbon\u00a0\u00bb align_tablet=\u00a0\u00bbcenter\u00a0\u00bb align_phone=\u00a0\u00bbcenter\u00a0\u00bb align_last_edited=\u00a0\u00bbon|desktop\u00a0\u00bb module_class=\u00a0\u00bbcentrer-verticalement\u00a0\u00bb _builder_version=\u00a0\u00bb4.27.0&Prime; custom_margin=\u00a0\u00bb|||\u00a0\u00bb custom_padding=\u00a0\u00bb|||\u00a0\u00bb animation_style=\u00a0\u00bbslide\u00a0\u00bb animation_direction=\u00a0\u00bbright\u00a0\u00bb animation_intensity_slide=\u00a0\u00bb5%\u00a0\u00bb hover_enabled=\u00a0\u00bb0&Prime; border_radii=\u00a0\u00bboff|0vw|0vw|0vw|0vw\u00a0\u00bb border_color_all=\u00a0\u00bbRGBA(255,255,255,0)\u00a0\u00bb border_style_all=\u00a0\u00bbnone\u00a0\u00bb border_width_bottom=\u00a0\u00bb2vw\u00a0\u00bb box_shadow_style=\u00a0\u00bbpreset2&Prime; box_shadow_color=\u00a0\u00bbrgba(102,141,186,0.7)\u00a0\u00bb locked=\u00a0\u00bboff\u00a0\u00bb global_colors_info=\u00a0\u00bb{}\u00a0\u00bb theme_builder_area=\u00a0\u00bbpost_content\u00a0\u00bb sticky_enabled=\u00a0\u00bb0&Prime;][\/et_pb_image][\/et_pb_column][et_pb_column type=\u00a0\u00bb2_3&Prime; specialty_columns=\u00a0\u00bb2&Prime; _builder_version=\u00a0\u00bb4.16&Prime; custom_padding=\u00a0\u00bb|||\u00a0\u00bb global_colors_info=\u00a0\u00bb{}\u00a0\u00bb padding_tablet=\u00a0\u00bb0px|10%||10%||true\u00a0\u00bb padding_last_edited=\u00a0\u00bbon|tablet\u00a0\u00bb custom_padding__hover=\u00a0\u00bb|||\u00a0\u00bb padding_phone=\u00a0\u00bb0px|10%||10%||true\u00a0\u00bb theme_builder_area=\u00a0\u00bbpost_content\u00a0\u00bb][et_pb_row_inner module_id=\u00a0\u00bbreturn-to-top\u00a0\u00bb module_class=\u00a0\u00bbcentrer-verticalement\u00a0\u00bb _builder_version=\u00a0\u00bb4.21.0&Prime; custom_padding=\u00a0\u00bb31.6px|0px|0|0px|false|false\u00a0\u00bb global_colors_info=\u00a0\u00bb{}\u00a0\u00bb theme_builder_area=\u00a0\u00bbpost_content\u00a0\u00bb][et_pb_column_inner saved_specialty_column_type=\u00a0\u00bb2_3&Prime; _builder_version=\u00a0\u00bb4.16&Prime; custom_padding=\u00a0\u00bb|||\u00a0\u00bb global_colors_info=\u00a0\u00bb{}\u00a0\u00bb custom_padding__hover=\u00a0\u00bb|||\u00a0\u00bb theme_builder_area=\u00a0\u00bbpost_content\u00a0\u00bb][et_pb_icon font_icon=\u00a0\u00bb&#xe064;||divi||400&Prime; icon_color=\u00a0\u00bb#fe6400&Prime; icon_width=\u00a0\u00bb70px\u00a0\u00bb align=\u00a0\u00bbleft\u00a0\u00bb _builder_version=\u00a0\u00bb4.27.0&Prime; _module_preset=\u00a0\u00bbdefault\u00a0\u00bb transform_scale=\u00a0\u00bb68%|68%\u00a0\u00bb custom_margin=\u00a0\u00bb|377px||||\u00a0\u00bb custom_padding=\u00a0\u00bb|||4px||\u00a0\u00bb hover_enabled=\u00a0\u00bb0&Prime; global_colors_info=\u00a0\u00bb{}\u00a0\u00bb theme_builder_area=\u00a0\u00bbpost_content\u00a0\u00bb sticky_enabled=\u00a0\u00bb0&Prime;][\/et_pb_icon][et_pb_text _builder_version=\u00a0\u00bb4.27.0&Prime; _module_preset=\u00a0\u00bbdefault\u00a0\u00bb theme_builder_area=\u00a0\u00bbpost_content\u00a0\u00bb hover_enabled=\u00a0\u00bb0&Prime; sticky_enabled=\u00a0\u00bb0&Prime;]<\/p>\n<p data-pm-slice=\"1 1 []\" style=\"text-align: justify;\">Participez \u00e0 l&rsquo;enqu\u00eate sur les \u00ab\u00a0restes \u00e0 charge invisibles\u00a0\u00bb !<\/p>\n<p style=\"text-align: justify;\"><strong>Contexte : Les Restes \u00e0 Charge invisibles p\u00e8sent lourd sur le portefeuille et la sant\u00e9 des usagers.<\/strong><\/p>\n<p style=\"text-align: justify;\">Cette ann\u00e9e a \u00e9t\u00e9 marqu\u00e9e par une tendance aux \u00e9conomies aux d\u00e9pens des usagers du syst\u00e8me de sant\u00e9 (baisse du remboursement des soins dentaires, doublement des franchises m\u00e9dicales, restriction de la prise en charge des transports, etc.), et celle-ci se confirme avec la parution des 2 derniers rapports de l\u2019IGAS et de l\u2019IGF qui proposent d\u2019instaurer une franchise m\u00e9dicale sur les dispositifs m\u00e9dicaux et de revenir sur la prise en charge \u00e0 100% des ALD.<\/p>\n<p style=\"text-align: justify;\">Les derniers chiffres montrent que la part des d\u00e9penses de sant\u00e9 restant \u00e0 la charge des m\u00e9nages augmente l\u00e9g\u00e8rement. Bien que les statistiques officielles indiquent un reste \u00e0 charge de 250 euros par habitant en 2022, un <a target=\"_blank\" rel=\"noreferrer noopener\" href=\"https:\/\/cloud3.eudonet.com\/APP\/ut?tok=AAFA5284&amp;cs=lGAGDeDADWBkbibSq66oijHV__AqDf2xU4IlWpzE-uU%3d&amp;p=azUioxMA9y38My5rWb2_QI7wu1H-yaNxvwfAV4vTYi9d2NRh_l4hp7wJTy4YI9lS4qRjpvjjtOm55cAKKkHf75YfjWX3a-gIEJWiWLrUICrjXs8qm5R2oz4AOHGUW46Z99wVlY8p-2D-tSFHEO4mquKgBp6SOV5DbP0SSbYYUDU%3d\">travail initi\u00e9 en 2019<\/a> sur <strong>les restes \u00e0 charge invisibles<\/strong> a r\u00e9v\u00e9l\u00e9 que de nombreuses d\u00e9penses non rembours\u00e9es ne sont pas comptabilis\u00e9es, ce qui sous-estime le r\u00e9el fardeau financier des m\u00e9nages.<\/p>\n<p>Afin de mieux identifier et \u00e9valuer ces restes \u00e0 charges \u00ab invisibles \u00bb qui peuvent pourtant peser lourd sur le portefeuille des m\u00e9nages et par extension sur la sant\u00e9 des usagers, <strong>France Assos Sant\u00e9 lance une vaste <\/strong><a target=\"_blank\" rel=\"noreferrer noopener\" href=\"https:\/\/cloud3.eudonet.com\/APP\/ut?tok=AAFA5284&amp;cs=lGAGDeDADWBkbibSq66oijHV__AqDf2xU4IlWpzE-uU%3d&amp;p=azUioxMA9y38My5rWb2_QI7wu1H-yaNxEBvdY4VrPmQOxCZTaYabrW-VuyoV6yOQwprO3HqaSJ2VoBxSXN1ulA%3d%3d\"><strong>enqu\u00eate<\/strong><\/a><strong> aupr\u00e8s des usagers du syst\u00e8me de sant\u00e9<\/strong>.<\/p>\n<p style=\"text-align: justify;\"><strong>Les r\u00e9sultats de cette enqu\u00eate seront pr\u00e9sent\u00e9s lors de la journ\u00e9e Nationale Assurance maladie organis\u00e9e par France Assos Sant\u00e9, la FNATH et l\u2019UNAF, qui se tiendra le 27 novembre et serviront \u00e0 d\u00e9fendre les usagers !<\/strong><\/p>\n<p><strong>L\u2019enqu\u00eate en quelques mots :<\/strong><\/p>\n<ul style=\"text-align: justify;\">\n<li>\n<p>Cette enqu\u00eate a \u00e9t\u00e9 <strong>co-construite au sein du groupe de travail interassociatif \u00ab Assurance maladie \u00bb<\/strong> de France Assos Sant\u00e9.<\/p>\n<\/li>\n<li>\n<p>L\u2019enqu\u00eate est ouverte \u00e0 toutes les personnes fran\u00e7aises vivant avec une ou plusieurs maladies n\u00e9cessitant des soins r\u00e9guliers et\/ou handicap et\/ou avec une perte d\u2019autonomie et \u00e0 leurs proches.<\/p>\n<\/li>\n<li>\n<p>Pour <strong>la s\u00e9curit\u00e9 des donn\u00e9es<\/strong>, l\u2019enqu\u00eate est h\u00e9berg\u00e9e par Sano\u00efa avec qui nous avons men\u00e9 l\u2019\u00e9tude Vivre-Covid19. L\u2019enqu\u00eate<strong> est anonyme<\/strong> et la plate-forme <strong>offre toutes les garanties de respect du RGPD<\/strong> et du plus haut niveau de s\u00e9curit\u00e9 <strong>(H\u00e9bergeur Agr\u00e9\u00e9 Donn\u00e9es de Sant\u00e9)<\/strong>.<\/p>\n<\/li>\n<\/ul>\n<p style=\"text-align: justify;\">Le temps de remplissage du questionnaire est compris entre <strong>15 et 20 minutes<\/strong>.<\/p>\n<p>Parce qu\u2019il est important pour nous de sensibiliser tout le monde, \u00e0 la fin du questionnaire, les r\u00e9pondants auront acc\u00e8s au montant global de leurs Restes \u00e0 Charge Invisibles, ainsi qu\u2019\u00e0 la moyenne g\u00e9n\u00e9rale.<\/p>\n<p>Ce questionnaire est ouvert du <strong>12 septembre au 12 octobre inclus<\/strong> et accessible directement via ce lien :<\/p>\n<p style=\"text-align: center;\"><a target=\"_blank\" rel=\"noopener noreferrer\" href=\"https:\/\/cloud3.eudonet.com\/APP\/ut?tok=AAFA5284&amp;cs=lGAGDeDADWBkbibSq66oijHV__AqDf2xU4IlWpzE-uU%3d&amp;p=azUioxMA9y38My5rWb2_QI7wu1H-yaNxBz4QIHuzDvoshsaJHkjDjdD2h7QPDuQ8YSkAm8IpDmmH5f9faerhEg%3d%3d\"><strong><em>Je r\u00e9ponds !<\/em><\/strong><\/a><\/p>\n<p style=\"text-align: justify;\">En tant que repr\u00e9sentant d\u2019usagers vous pouvez :<\/p>\n<ul style=\"text-align: justify;\">\n<li>\n<p>soit \u00eatre directement concern\u00e9 par ces restes \u00e0 charge invisibles pour vous ou pour l\u2019un de vos proches et donc r\u00e9pondre directement \u00e0 l\u2019enqu\u00eate pour vous ou pour votre proche,<\/p>\n<\/li>\n<li>\n<p>soit conna\u00eetre des usagers\/patients concern\u00e9s et leur transmettre l\u2019enqu\u00eate afin qu\u2019ils y r\u00e9pondent et\/ou la transmettent \u00e0 leur tour.<\/p>\n<\/li>\n<\/ul>\n<p style=\"text-align: justify;\">Dans tous les cas, n\u2019h\u00e9sitez pas r\u00e9pondre \u00e0 l\u2019enqu\u00eate ou \u00e0 en parler autour de vous.<\/p>\n<p style=\"text-align: justify;\">Pour votre information, l\u2019enqu\u00eate est accessible \u00e0 tous les usagers sur <a target=\"_blank\" rel=\"noreferrer noopener\" href=\"https:\/\/cloud3.eudonet.com\/APP\/ut?tok=AAFA5284&amp;cs=lGAGDeDADWBkbibSq66oijHV__AqDf2xU4IlWpzE-uU%3d&amp;p=azUioxMA9y38My5rWb2_QI7wu1H-yaNx0xbWiOfFsWT3_C6XJLK7OtxnHOGUWUJ5JAXp8rJFcrNQCexhpmdo3soekZH3SQoHse9mqxB7ajt6cOht4tnucNXRW-7ZmasTzcRwQGAlpAnzFEUhq1VQ0WBn2sPLnxolHj66PXitVnQOGbnDYuYgIeb4_qSpJ2lL\">le site de France Assos Sant\u00e9<\/a>.\u00a0<\/p>\n<p style=\"text-align: justify;\"><strong>Mobilisons-nous pour que la sant\u00e9 ne soit plus un probl\u00e8me d\u2019argent<\/strong><br \/><strong>Plus nous obtiendrons de r\u00e9ponses \u00e0 ce questionnaire, plus nous serons \u00e9cout\u00e9.e.s, mieux nous pourrons agir.<\/strong><\/p>\n<p><strong>Un grand merci pour votre engagement et le soutien que vous voudrez bien apporter \u00e0 ce projet collectif !<\/strong><\/p>\n<p>[\/et_pb_text][\/et_pb_column_inner][\/et_pb_row_inner][et_pb_row_inner _builder_version=\u00a0\u00bb4.21.0&Prime; _module_preset=\u00a0\u00bbdefault\u00a0\u00bb global_colors_info=\u00a0\u00bb{}\u00a0\u00bb theme_builder_area=\u00a0\u00bbpost_content\u00a0\u00bb][et_pb_column_inner saved_specialty_column_type=\u00a0\u00bb2_3&Prime; _builder_version=\u00a0\u00bb4.21.0&Prime; _module_preset=\u00a0\u00bbdefault\u00a0\u00bb global_colors_info=\u00a0\u00bb{}\u00a0\u00bb theme_builder_area=\u00a0\u00bbpost_content\u00a0\u00bb][et_pb_image src=\u00a0\u00bbhttps:\/\/www.collectifdromehandicap.fr\/wp-content\/uploads\/2024\/09\/enquete-france-assos-sante.jpg\u00a0\u00bb title_text=\u00a0\u00bbenquete france assos sante\u00a0\u00bb show_in_lightbox=\u00a0\u00bbon\u00a0\u00bb _builder_version=\u00a0\u00bb4.27.0&Prime; _module_preset=\u00a0\u00bbdefault\u00a0\u00bb hover_enabled=\u00a0\u00bb0&Prime; global_colors_info=\u00a0\u00bb{}\u00a0\u00bb theme_builder_area=\u00a0\u00bbpost_content\u00a0\u00bb sticky_enabled=\u00a0\u00bb0&Prime;][\/et_pb_image][\/et_pb_column_inner][\/et_pb_row_inner][et_pb_row_inner _builder_version=\u00a0\u00bb4.19.5&Prime; _module_preset=\u00a0\u00bbdefault\u00a0\u00bb custom_padding=\u00a0\u00bb||0px|||\u00a0\u00bb global_colors_info=\u00a0\u00bb{}\u00a0\u00bb theme_builder_area=\u00a0\u00bbpost_content\u00a0\u00bb][et_pb_column_inner saved_specialty_column_type=\u00a0\u00bb2_3&Prime; _builder_version=\u00a0\u00bb4.19.5&Prime; _module_preset=\u00a0\u00bbdefault\u00a0\u00bb global_colors_info=\u00a0\u00bb{}\u00a0\u00bb theme_builder_area=\u00a0\u00bbpost_content\u00a0\u00bb][et_pb_blurb use_icon=\u00a0\u00bbon\u00a0\u00bb font_icon=\u00a0\u00bb&#x46;||divi||400&Prime; icon_color=\u00a0\u00bb#FE6400&Prime; image_icon_width=\u00a0\u00bb58px\u00a0\u00bb module_class=\u00a0\u00bbRetun-to-top\u00a0\u00bb _builder_version=\u00a0\u00bb4.19.5&Prime; _module_preset=\u00a0\u00bbdefault\u00a0\u00bb transform_scale=\u00a0\u00bb60%|60%\u00a0\u00bb positioning=\u00a0\u00bbfixed\u00a0\u00bb position_origin_f=\u00a0\u00bbbottom_right\u00a0\u00bb link_option_url=\u00a0\u00bb#return-to-top\u00a0\u00bb global_colors_info=\u00a0\u00bb{}\u00a0\u00bb theme_builder_area=\u00a0\u00bbpost_content\u00a0\u00bb][\/et_pb_blurb][\/et_pb_column_inner][\/et_pb_row_inner][\/et_pb_column][\/et_pb_section]<\/p>\n","protected":false},"excerpt":{"rendered":"<p>Participez \u00e0 l&rsquo;enqu\u00eate sur les \u00ab\u00a0restes \u00e0 charge invisibles\u00a0\u00bb ! Contexte : Les Restes \u00e0 Charge invisibles p\u00e8sent lourd sur le portefeuille et la sant\u00e9 des usagers. Cette ann\u00e9e a \u00e9t\u00e9 marqu\u00e9e par une tendance aux \u00e9conomies aux d\u00e9pens des usagers du syst\u00e8me de sant\u00e9 (baisse du remboursement des soins dentaires, doublement des franchises m\u00e9dicales, restriction de la prise en charge des transports, etc.), et celle-ci se confirme avec la parution des 2 derniers rapports de l\u2019IGAS et de l\u2019IGF qui proposent d\u2019instaurer une franchise m\u00e9dicale sur les dispositifs m\u00e9dicaux et de revenir sur la prise en charge \u00e0 100% des ALD. Les derniers chiffres montrent que la part des d\u00e9penses de sant\u00e9 restant \u00e0 la charge des m\u00e9nages augmente l\u00e9g\u00e8rement. Bien que les statistiques officielles indiquent un reste \u00e0 charge de 250 euros par habitant en 2022, un travail initi\u00e9 en 2019 sur les restes \u00e0 charge invisibles a r\u00e9v\u00e9l\u00e9 que de nombreuses d\u00e9penses non rembours\u00e9es ne sont pas comptabilis\u00e9es, ce qui sous-estime le r\u00e9el fardeau financier des m\u00e9nages. Afin de mieux identifier et \u00e9valuer ces restes \u00e0 charges \u00ab invisibles \u00bb qui peuvent pourtant peser lourd sur le portefeuille des m\u00e9nages et par extension sur la sant\u00e9 des [&hellip;]<\/p>\n","protected":false},"author":1,"featured_media":0,"comment_status":"closed","ping_status":"open","sticky":false,"template":"","format":"standard","meta":{"_et_pb_use_builder":"on","_et_pb_old_content":"","_et_gb_content_width":"1277","footnotes":""},"categories":[11],"tags":[],"class_list":["post-2119","post","type-post","status-publish","format-standard","hentry","category-actualites"],"yoast_head":"<!-- This site is optimized with the Yoast SEO plugin v27.5 - https:\/\/yoast.com\/product\/yoast-seo-wordpress\/ -->\n<title>Participez \u00e0 l&#039;enqu\u00eate sur les &quot;restes \u00e0 charge invisibles&quot; ! - Le Collectif Dr\u00f4me Handicap<\/title>\n<meta name=\"robots\" content=\"index, follow, max-snippet:-1, max-image-preview:large, max-video-preview:-1\" \/>\n<link rel=\"canonical\" href=\"https:\/\/www.collectifdromehandicap.fr\/?p=2119\" \/>\n<meta property=\"og:locale\" content=\"fr_FR\" \/>\n<meta property=\"og:type\" content=\"article\" \/>\n<meta property=\"og:title\" content=\"Participez \u00e0 l&#039;enqu\u00eate sur les &quot;restes \u00e0 charge invisibles&quot; ! - Le Collectif Dr\u00f4me Handicap\" \/>\n<meta property=\"og:description\" content=\"Participez \u00e0 l&#039;enqu\u00eate sur les &quot;restes \u00e0 charge invisibles&quot; ! Contexte : Les Restes \u00e0 Charge invisibles p\u00e8sent lourd sur le portefeuille et la sant\u00e9 des usagers. Cette ann\u00e9e a \u00e9t\u00e9 marqu\u00e9e par une tendance aux \u00e9conomies aux d\u00e9pens des usagers du syst\u00e8me de sant\u00e9 (baisse du remboursement des soins dentaires, doublement des franchises m\u00e9dicales, restriction de la prise en charge des transports, etc.), et celle-ci se confirme avec la parution des 2 derniers rapports de l\u2019IGAS et de l\u2019IGF qui proposent d\u2019instaurer une franchise m\u00e9dicale sur les dispositifs m\u00e9dicaux et de revenir sur la prise en charge \u00e0 100% des ALD. Les derniers chiffres montrent que la part des d\u00e9penses de sant\u00e9 restant \u00e0 la charge des m\u00e9nages augmente l\u00e9g\u00e8rement. Bien que les statistiques officielles indiquent un reste \u00e0 charge de 250 euros par habitant en 2022, un travail initi\u00e9 en 2019 sur les restes \u00e0 charge invisibles a r\u00e9v\u00e9l\u00e9 que de nombreuses d\u00e9penses non rembours\u00e9es ne sont pas comptabilis\u00e9es, ce qui sous-estime le r\u00e9el fardeau financier des m\u00e9nages. Afin de mieux identifier et \u00e9valuer ces restes \u00e0 charges \u00ab invisibles \u00bb qui peuvent pourtant peser lourd sur le portefeuille des m\u00e9nages et par extension sur la sant\u00e9 des [&hellip;]\" \/>\n<meta property=\"og:url\" content=\"https:\/\/www.collectifdromehandicap.fr\/?p=2119\" \/>\n<meta property=\"og:site_name\" content=\"Le Collectif Dr\u00f4me Handicap\" \/>\n<meta property=\"article:published_time\" content=\"2024-09-16T14:25:45+00:00\" \/>\n<meta name=\"author\" content=\"CDH\" \/>\n<meta name=\"twitter:card\" content=\"summary_large_image\" \/>\n<meta name=\"twitter:label1\" content=\"\u00c9crit par\" \/>\n\t<meta name=\"twitter:data1\" content=\"CDH\" \/>\n<script type=\"application\/ld+json\" class=\"yoast-schema-graph\">{\"@context\":\"https:\\\/\\\/schema.org\",\"@graph\":[{\"@type\":\"Article\",\"@id\":\"https:\\\/\\\/www.collectifdromehandicap.fr\\\/?p=2119#article\",\"isPartOf\":{\"@id\":\"https:\\\/\\\/www.collectifdromehandicap.fr\\\/?p=2119\"},\"author\":{\"name\":\"CDH\",\"@id\":\"https:\\\/\\\/www.collectifdromehandicap.fr\\\/#\\\/schema\\\/person\\\/f501dbba682e3fd3862f2d9a019805f9\"},\"headline\":\"Participez \u00e0 l&rsquo;enqu\u00eate sur les \u00ab\u00a0restes \u00e0 charge invisibles\u00a0\u00bb !\",\"datePublished\":\"2024-09-16T14:25:45+00:00\",\"mainEntityOfPage\":{\"@id\":\"https:\\\/\\\/www.collectifdromehandicap.fr\\\/?p=2119\"},\"wordCount\":1145,\"publisher\":{\"@id\":\"https:\\\/\\\/www.collectifdromehandicap.fr\\\/#organization\"},\"articleSection\":[\"Actualit\u00e9s\"],\"inLanguage\":\"fr-FR\"},{\"@type\":\"WebPage\",\"@id\":\"https:\\\/\\\/www.collectifdromehandicap.fr\\\/?p=2119\",\"url\":\"https:\\\/\\\/www.collectifdromehandicap.fr\\\/?p=2119\",\"name\":\"Participez \u00e0 l'enqu\u00eate sur les \\\"restes \u00e0 charge invisibles\\\" ! - Le Collectif Dr\u00f4me Handicap\",\"isPartOf\":{\"@id\":\"https:\\\/\\\/www.collectifdromehandicap.fr\\\/#website\"},\"datePublished\":\"2024-09-16T14:25:45+00:00\",\"breadcrumb\":{\"@id\":\"https:\\\/\\\/www.collectifdromehandicap.fr\\\/?p=2119#breadcrumb\"},\"inLanguage\":\"fr-FR\",\"potentialAction\":[{\"@type\":\"ReadAction\",\"target\":[\"https:\\\/\\\/www.collectifdromehandicap.fr\\\/?p=2119\"]}]},{\"@type\":\"BreadcrumbList\",\"@id\":\"https:\\\/\\\/www.collectifdromehandicap.fr\\\/?p=2119#breadcrumb\",\"itemListElement\":[{\"@type\":\"ListItem\",\"position\":1,\"name\":\"Accueil\",\"item\":\"https:\\\/\\\/www.collectifdromehandicap.fr\\\/\"},{\"@type\":\"ListItem\",\"position\":2,\"name\":\"Participez \u00e0 l&rsquo;enqu\u00eate sur les \u00ab\u00a0restes \u00e0 charge invisibles\u00a0\u00bb !\"}]},{\"@type\":\"WebSite\",\"@id\":\"https:\\\/\\\/www.collectifdromehandicap.fr\\\/#website\",\"url\":\"https:\\\/\\\/www.collectifdromehandicap.fr\\\/\",\"name\":\"Le Collectif Dr\u00f4me Handicap\",\"description\":\"Un groupement qui fait bouger les lignes du handicap\",\"publisher\":{\"@id\":\"https:\\\/\\\/www.collectifdromehandicap.fr\\\/#organization\"},\"potentialAction\":[{\"@type\":\"SearchAction\",\"target\":{\"@type\":\"EntryPoint\",\"urlTemplate\":\"https:\\\/\\\/www.collectifdromehandicap.fr\\\/?s={search_term_string}\"},\"query-input\":{\"@type\":\"PropertyValueSpecification\",\"valueRequired\":true,\"valueName\":\"search_term_string\"}}],\"inLanguage\":\"fr-FR\"},{\"@type\":\"Organization\",\"@id\":\"https:\\\/\\\/www.collectifdromehandicap.fr\\\/#organization\",\"name\":\"Le Collectif Dr\u00f4me Handicap\",\"url\":\"https:\\\/\\\/www.collectifdromehandicap.fr\\\/\",\"logo\":{\"@type\":\"ImageObject\",\"inLanguage\":\"fr-FR\",\"@id\":\"https:\\\/\\\/www.collectifdromehandicap.fr\\\/#\\\/schema\\\/logo\\\/image\\\/\",\"url\":\"https:\\\/\\\/www.collectifdromehandicap.fr\\\/wp-content\\\/uploads\\\/2023\\\/02\\\/logo-cdh.png\",\"contentUrl\":\"https:\\\/\\\/www.collectifdromehandicap.fr\\\/wp-content\\\/uploads\\\/2023\\\/02\\\/logo-cdh.png\",\"width\":1059,\"height\":304,\"caption\":\"Le Collectif Dr\u00f4me Handicap\"},\"image\":{\"@id\":\"https:\\\/\\\/www.collectifdromehandicap.fr\\\/#\\\/schema\\\/logo\\\/image\\\/\"}},{\"@type\":\"Person\",\"@id\":\"https:\\\/\\\/www.collectifdromehandicap.fr\\\/#\\\/schema\\\/person\\\/f501dbba682e3fd3862f2d9a019805f9\",\"name\":\"CDH\",\"image\":{\"@type\":\"ImageObject\",\"inLanguage\":\"fr-FR\",\"@id\":\"https:\\\/\\\/secure.gravatar.com\\\/avatar\\\/810aa66cd2a247965f4ce7b0a145e4de1f0e81e5102738890bf9e37af007f016?s=96&d=mm&r=g\",\"url\":\"https:\\\/\\\/secure.gravatar.com\\\/avatar\\\/810aa66cd2a247965f4ce7b0a145e4de1f0e81e5102738890bf9e37af007f016?s=96&d=mm&r=g\",\"contentUrl\":\"https:\\\/\\\/secure.gravatar.com\\\/avatar\\\/810aa66cd2a247965f4ce7b0a145e4de1f0e81e5102738890bf9e37af007f016?s=96&d=mm&r=g\",\"caption\":\"CDH\"},\"sameAs\":[\"https:\\\/\\\/www.collectifdromehandicap.fr\"],\"url\":\"https:\\\/\\\/www.collectifdromehandicap.fr\\\/?author=1\"}]}<\/script>\n<!-- \/ Yoast SEO plugin. -->","yoast_head_json":{"title":"Participez \u00e0 l'enqu\u00eate sur les \"restes \u00e0 charge invisibles\" ! - Le Collectif Dr\u00f4me Handicap","robots":{"index":"index","follow":"follow","max-snippet":"max-snippet:-1","max-image-preview":"max-image-preview:large","max-video-preview":"max-video-preview:-1"},"canonical":"https:\/\/www.collectifdromehandicap.fr\/?p=2119","og_locale":"fr_FR","og_type":"article","og_title":"Participez \u00e0 l'enqu\u00eate sur les \"restes \u00e0 charge invisibles\" ! - Le Collectif Dr\u00f4me Handicap","og_description":"Participez \u00e0 l'enqu\u00eate sur les \"restes \u00e0 charge invisibles\" ! Contexte : Les Restes \u00e0 Charge invisibles p\u00e8sent lourd sur le portefeuille et la sant\u00e9 des usagers. Cette ann\u00e9e a \u00e9t\u00e9 marqu\u00e9e par une tendance aux \u00e9conomies aux d\u00e9pens des usagers du syst\u00e8me de sant\u00e9 (baisse du remboursement des soins dentaires, doublement des franchises m\u00e9dicales, restriction de la prise en charge des transports, etc.), et celle-ci se confirme avec la parution des 2 derniers rapports de l\u2019IGAS et de l\u2019IGF qui proposent d\u2019instaurer une franchise m\u00e9dicale sur les dispositifs m\u00e9dicaux et de revenir sur la prise en charge \u00e0 100% des ALD. Les derniers chiffres montrent que la part des d\u00e9penses de sant\u00e9 restant \u00e0 la charge des m\u00e9nages augmente l\u00e9g\u00e8rement. Bien que les statistiques officielles indiquent un reste \u00e0 charge de 250 euros par habitant en 2022, un travail initi\u00e9 en 2019 sur les restes \u00e0 charge invisibles a r\u00e9v\u00e9l\u00e9 que de nombreuses d\u00e9penses non rembours\u00e9es ne sont pas comptabilis\u00e9es, ce qui sous-estime le r\u00e9el fardeau financier des m\u00e9nages. Afin de mieux identifier et \u00e9valuer ces restes \u00e0 charges \u00ab invisibles \u00bb qui peuvent pourtant peser lourd sur le portefeuille des m\u00e9nages et par extension sur la sant\u00e9 des [&hellip;]","og_url":"https:\/\/www.collectifdromehandicap.fr\/?p=2119","og_site_name":"Le Collectif Dr\u00f4me Handicap","article_published_time":"2024-09-16T14:25:45+00:00","author":"CDH","twitter_card":"summary_large_image","twitter_misc":{"\u00c9crit par":"CDH"},"schema":{"@context":"https:\/\/schema.org","@graph":[{"@type":"Article","@id":"https:\/\/www.collectifdromehandicap.fr\/?p=2119#article","isPartOf":{"@id":"https:\/\/www.collectifdromehandicap.fr\/?p=2119"},"author":{"name":"CDH","@id":"https:\/\/www.collectifdromehandicap.fr\/#\/schema\/person\/f501dbba682e3fd3862f2d9a019805f9"},"headline":"Participez \u00e0 l&rsquo;enqu\u00eate sur les \u00ab\u00a0restes \u00e0 charge invisibles\u00a0\u00bb !","datePublished":"2024-09-16T14:25:45+00:00","mainEntityOfPage":{"@id":"https:\/\/www.collectifdromehandicap.fr\/?p=2119"},"wordCount":1145,"publisher":{"@id":"https:\/\/www.collectifdromehandicap.fr\/#organization"},"articleSection":["Actualit\u00e9s"],"inLanguage":"fr-FR"},{"@type":"WebPage","@id":"https:\/\/www.collectifdromehandicap.fr\/?p=2119","url":"https:\/\/www.collectifdromehandicap.fr\/?p=2119","name":"Participez \u00e0 l'enqu\u00eate sur les \"restes \u00e0 charge invisibles\" ! - Le Collectif Dr\u00f4me Handicap","isPartOf":{"@id":"https:\/\/www.collectifdromehandicap.fr\/#website"},"datePublished":"2024-09-16T14:25:45+00:00","breadcrumb":{"@id":"https:\/\/www.collectifdromehandicap.fr\/?p=2119#breadcrumb"},"inLanguage":"fr-FR","potentialAction":[{"@type":"ReadAction","target":["https:\/\/www.collectifdromehandicap.fr\/?p=2119"]}]},{"@type":"BreadcrumbList","@id":"https:\/\/www.collectifdromehandicap.fr\/?p=2119#breadcrumb","itemListElement":[{"@type":"ListItem","position":1,"name":"Accueil","item":"https:\/\/www.collectifdromehandicap.fr\/"},{"@type":"ListItem","position":2,"name":"Participez \u00e0 l&rsquo;enqu\u00eate sur les \u00ab\u00a0restes \u00e0 charge invisibles\u00a0\u00bb !"}]},{"@type":"WebSite","@id":"https:\/\/www.collectifdromehandicap.fr\/#website","url":"https:\/\/www.collectifdromehandicap.fr\/","name":"Le Collectif Dr\u00f4me Handicap","description":"Un groupement qui fait bouger les lignes du handicap","publisher":{"@id":"https:\/\/www.collectifdromehandicap.fr\/#organization"},"potentialAction":[{"@type":"SearchAction","target":{"@type":"EntryPoint","urlTemplate":"https:\/\/www.collectifdromehandicap.fr\/?s={search_term_string}"},"query-input":{"@type":"PropertyValueSpecification","valueRequired":true,"valueName":"search_term_string"}}],"inLanguage":"fr-FR"},{"@type":"Organization","@id":"https:\/\/www.collectifdromehandicap.fr\/#organization","name":"Le Collectif Dr\u00f4me Handicap","url":"https:\/\/www.collectifdromehandicap.fr\/","logo":{"@type":"ImageObject","inLanguage":"fr-FR","@id":"https:\/\/www.collectifdromehandicap.fr\/#\/schema\/logo\/image\/","url":"https:\/\/www.collectifdromehandicap.fr\/wp-content\/uploads\/2023\/02\/logo-cdh.png","contentUrl":"https:\/\/www.collectifdromehandicap.fr\/wp-content\/uploads\/2023\/02\/logo-cdh.png","width":1059,"height":304,"caption":"Le Collectif Dr\u00f4me Handicap"},"image":{"@id":"https:\/\/www.collectifdromehandicap.fr\/#\/schema\/logo\/image\/"}},{"@type":"Person","@id":"https:\/\/www.collectifdromehandicap.fr\/#\/schema\/person\/f501dbba682e3fd3862f2d9a019805f9","name":"CDH","image":{"@type":"ImageObject","inLanguage":"fr-FR","@id":"https:\/\/secure.gravatar.com\/avatar\/810aa66cd2a247965f4ce7b0a145e4de1f0e81e5102738890bf9e37af007f016?s=96&d=mm&r=g","url":"https:\/\/secure.gravatar.com\/avatar\/810aa66cd2a247965f4ce7b0a145e4de1f0e81e5102738890bf9e37af007f016?s=96&d=mm&r=g","contentUrl":"https:\/\/secure.gravatar.com\/avatar\/810aa66cd2a247965f4ce7b0a145e4de1f0e81e5102738890bf9e37af007f016?s=96&d=mm&r=g","caption":"CDH"},"sameAs":["https:\/\/www.collectifdromehandicap.fr"],"url":"https:\/\/www.collectifdromehandicap.fr\/?author=1"}]}},"_links":{"self":[{"href":"https:\/\/www.collectifdromehandicap.fr\/index.php?rest_route=\/wp\/v2\/posts\/2119","targetHints":{"allow":["GET"]}}],"collection":[{"href":"https:\/\/www.collectifdromehandicap.fr\/index.php?rest_route=\/wp\/v2\/posts"}],"about":[{"href":"https:\/\/www.collectifdromehandicap.fr\/index.php?rest_route=\/wp\/v2\/types\/post"}],"author":[{"embeddable":true,"href":"https:\/\/www.collectifdromehandicap.fr\/index.php?rest_route=\/wp\/v2\/users\/1"}],"replies":[{"embeddable":true,"href":"https:\/\/www.collectifdromehandicap.fr\/index.php?rest_route=%2Fwp%2Fv2%2Fcomments&post=2119"}],"version-history":[{"count":2,"href":"https:\/\/www.collectifdromehandicap.fr\/index.php?rest_route=\/wp\/v2\/posts\/2119\/revisions"}],"predecessor-version":[{"id":2124,"href":"https:\/\/www.collectifdromehandicap.fr\/index.php?rest_route=\/wp\/v2\/posts\/2119\/revisions\/2124"}],"wp:attachment":[{"href":"https:\/\/www.collectifdromehandicap.fr\/index.php?rest_route=%2Fwp%2Fv2%2Fmedia&parent=2119"}],"wp:term":[{"taxonomy":"category","embeddable":true,"href":"https:\/\/www.collectifdromehandicap.fr\/index.php?rest_route=%2Fwp%2Fv2%2Fcategories&post=2119"},{"taxonomy":"post_tag","embeddable":true,"href":"https:\/\/www.collectifdromehandicap.fr\/index.php?rest_route=%2Fwp%2Fv2%2Ftags&post=2119"}],"curies":[{"name":"wp","href":"https:\/\/api.w.org\/{rel}","templated":true}]}}