{"id":3086,"date":"2026-04-14T13:47:07","date_gmt":"2026-04-14T11:47:07","guid":{"rendered":"https:\/\/www.collectifdromehandicap.fr\/?p=3086"},"modified":"2026-04-14T16:34:54","modified_gmt":"2026-04-14T14:34:54","slug":"inclusion-emploi-ladapt","status":"publish","type":"post","link":"https:\/\/www.collectifdromehandicap.fr\/?p=3086","title":{"rendered":"Inclusion emploi | LADAPT"},"content":{"rendered":"<p>[et_pb_section fb_built=\u00a0\u00bb1&Prime; make_equal=\u00a0\u00bbon\u00a0\u00bb use_custom_gutter=\u00a0\u00bbon\u00a0\u00bb gutter_width=\u00a0\u00bb2&Prime; specialty=\u00a0\u00bbon\u00a0\u00bb padding_top_2=\u00a0\u00bb20px\u00a0\u00bb padding_right_2=\u00a0\u00bb5%\u00a0\u00bb padding_2_tablet=\u00a0\u00bb0px|10%||10%||true\u00a0\u00bb padding_2_phone=\u00a0\u00bb\u00a0\u00bb padding_2_last_edited=\u00a0\u00bbon|tablet\u00a0\u00bb module_id=\u00a0\u00bbreturn-to-top\u00a0\u00bb _builder_version=\u00a0\u00bb4.19.5&Prime; inner_width=\u00a0\u00bb100%\u00a0\u00bb inner_max_width=\u00a0\u00bb100%\u00a0\u00bb custom_padding=\u00a0\u00bb15px||0px|||\u00a0\u00bb da_disable_devices=\u00a0\u00bboff|off|off\u00a0\u00bb use_custom_width=\u00a0\u00bbon\u00a0\u00bb width_unit=\u00a0\u00bboff\u00a0\u00bb custom_width_percent=\u00a0\u00bb100%\u00a0\u00bb global_colors_info=\u00a0\u00bb{}\u00a0\u00bb theme_builder_area=\u00a0\u00bbpost_content\u00a0\u00bb da_is_popup=\u00a0\u00bboff\u00a0\u00bb da_exit_intent=\u00a0\u00bboff\u00a0\u00bb da_has_close=\u00a0\u00bbon\u00a0\u00bb da_alt_close=\u00a0\u00bboff\u00a0\u00bb da_dark_close=\u00a0\u00bboff\u00a0\u00bb da_not_modal=\u00a0\u00bbon\u00a0\u00bb da_is_singular=\u00a0\u00bboff\u00a0\u00bb da_with_loader=\u00a0\u00bboff\u00a0\u00bb da_has_shadow=\u00a0\u00bbon\u00a0\u00bb][et_pb_column type=\u00a0\u00bb1_3&Prime; admin_label=\u00a0\u00bbColonne\u00a0\u00bb _builder_version=\u00a0\u00bb4.16&Prime; custom_padding=\u00a0\u00bb|||\u00a0\u00bb global_colors_info=\u00a0\u00bb{}\u00a0\u00bb custom_padding__hover=\u00a0\u00bb|||\u00a0\u00bb theme_builder_area=\u00a0\u00bbpost_content\u00a0\u00bb][et_pb_image src=\u00a0\u00bbhttps:\/\/www.collectifdromehandicap.fr\/wp-content\/uploads\/2025\/07\/ladapt-logo.png\u00a0\u00bb alt=\u00a0\u00bbLa Dr\u00f4me\u00a0\u00bb title_text=\u00a0\u00bbladapt logo\u00a0\u00bb show_in_lightbox=\u00a0\u00bbon\u00a0\u00bb force_fullwidth=\u00a0\u00bbon\u00a0\u00bb align_tablet=\u00a0\u00bbcenter\u00a0\u00bb align_phone=\u00a0\u00bbcenter\u00a0\u00bb align_last_edited=\u00a0\u00bbon|desktop\u00a0\u00bb module_class=\u00a0\u00bbcentrer-verticalement\u00a0\u00bb _builder_version=\u00a0\u00bb4.27.4&Prime; custom_margin=\u00a0\u00bb|||\u00a0\u00bb custom_padding=\u00a0\u00bb|||\u00a0\u00bb animation_style=\u00a0\u00bbslide\u00a0\u00bb animation_direction=\u00a0\u00bbright\u00a0\u00bb animation_intensity_slide=\u00a0\u00bb5%\u00a0\u00bb hover_enabled=\u00a0\u00bb0&Prime; border_radii=\u00a0\u00bboff|0vw|0vw|0vw|0vw\u00a0\u00bb border_color_all=\u00a0\u00bbRGBA(255,255,255,0)\u00a0\u00bb border_style_all=\u00a0\u00bbnone\u00a0\u00bb border_width_bottom=\u00a0\u00bb2vw\u00a0\u00bb box_shadow_style=\u00a0\u00bbpreset2&Prime; box_shadow_color=\u00a0\u00bbrgba(102,141,186,0.7)\u00a0\u00bb locked=\u00a0\u00bboff\u00a0\u00bb global_colors_info=\u00a0\u00bb{}\u00a0\u00bb theme_builder_area=\u00a0\u00bbpost_content\u00a0\u00bb sticky_enabled=\u00a0\u00bb0&Prime;][\/et_pb_image][\/et_pb_column][et_pb_column type=\u00a0\u00bb2_3&Prime; specialty_columns=\u00a0\u00bb2&Prime; _builder_version=\u00a0\u00bb4.16&Prime; custom_padding=\u00a0\u00bb|||\u00a0\u00bb global_colors_info=\u00a0\u00bb{}\u00a0\u00bb padding_tablet=\u00a0\u00bb0px|10%||10%||true\u00a0\u00bb padding_last_edited=\u00a0\u00bbon|tablet\u00a0\u00bb custom_padding__hover=\u00a0\u00bb|||\u00a0\u00bb padding_phone=\u00a0\u00bb0px|10%||10%||true\u00a0\u00bb theme_builder_area=\u00a0\u00bbpost_content\u00a0\u00bb][et_pb_row_inner module_id=\u00a0\u00bbreturn-to-top\u00a0\u00bb module_class=\u00a0\u00bbcentrer-verticalement\u00a0\u00bb _builder_version=\u00a0\u00bb4.21.0&Prime; custom_padding=\u00a0\u00bb31.6px|0px|0|0px|false|false\u00a0\u00bb global_colors_info=\u00a0\u00bb{}\u00a0\u00bb theme_builder_area=\u00a0\u00bbpost_content\u00a0\u00bb][et_pb_column_inner saved_specialty_column_type=\u00a0\u00bb2_3&Prime; _builder_version=\u00a0\u00bb4.16&Prime; custom_padding=\u00a0\u00bb|||\u00a0\u00bb global_colors_info=\u00a0\u00bb{}\u00a0\u00bb custom_padding__hover=\u00a0\u00bb|||\u00a0\u00bb theme_builder_area=\u00a0\u00bbpost_content\u00a0\u00bb][et_pb_icon font_icon=\u00a0\u00bb&#xf4c4;||fa||900&Prime; icon_color=\u00a0\u00bb#fe6400&Prime; icon_width=\u00a0\u00bb70px\u00a0\u00bb align=\u00a0\u00bbleft\u00a0\u00bb _builder_version=\u00a0\u00bb4.27.4&Prime; _module_preset=\u00a0\u00bbdefault\u00a0\u00bb transform_scale=\u00a0\u00bb68%|68%\u00a0\u00bb custom_margin=\u00a0\u00bb|377px||||\u00a0\u00bb custom_padding=\u00a0\u00bb|||4px||\u00a0\u00bb global_colors_info=\u00a0\u00bb{}\u00a0\u00bb theme_builder_area=\u00a0\u00bbpost_content\u00a0\u00bb][\/et_pb_icon][\/et_pb_column_inner][\/et_pb_row_inner][et_pb_row_inner _builder_version=\u00a0\u00bb4.27.4&Prime; _module_preset=\u00a0\u00bbdefault\u00a0\u00bb custom_padding=\u00a0\u00bb13px|||||\u00a0\u00bb global_colors_info=\u00a0\u00bb{}\u00a0\u00bb theme_builder_area=\u00a0\u00bbpost_content\u00a0\u00bb][et_pb_column_inner saved_specialty_column_type=\u00a0\u00bb2_3&Prime; _builder_version=\u00a0\u00bb4.27.4&Prime; _module_preset=\u00a0\u00bbdefault\u00a0\u00bb global_colors_info=\u00a0\u00bb{}\u00a0\u00bb theme_builder_area=\u00a0\u00bbpost_content\u00a0\u00bb][et_pb_text _builder_version=\u00a0\u00bb4.27.4&Prime; _module_preset=\u00a0\u00bbdefault\u00a0\u00bb custom_padding=\u00a0\u00bb||3px|||\u00a0\u00bb hover_enabled=\u00a0\u00bb0&Prime; global_colors_info=\u00a0\u00bb{}\u00a0\u00bb theme_builder_area=\u00a0\u00bbpost_content\u00a0\u00bb sticky_enabled=\u00a0\u00bb0&Prime;]<\/p>\n<p style=\"text-align: justify;\"><span>L&rsquo;inclusion, c&rsquo;est maintenant ! \ud83d\ude80<\/span><br \/><span>Vous cherchez \u00e0 recruter autrement ? Le dispositif ESAT Hors-murs de LADAPT Dr\u00f4me Ard\u00e8che vous accompagne pour int\u00e9grer des talents motiv\u00e9s directement dans vos locaux.<\/span><br \/><span>\u2705 Les avantages :<\/span><br \/><span>Des profils form\u00e9s et accompagn\u00e9s.<\/span><br \/><span>Un renforcement concret de votre politique RSE.<\/span><br \/><span>Un accompagnement sur mesure pour l&rsquo;entreprise.<\/span><br \/><span>\ud83c\udfa5 D\u00e9couvrez notre approche en moins de 2 minutes !<\/span><br \/><span>\ud83d\udce9 Contact :<\/span><span class=\"_1810dc4b\"> <\/span><a class=\"db9ae4b6 _9989f0b4\" href=\"mailto:esathm-2607@ladapt.net\" target=\"_blank\" rel=\"noopener\"><span class=\"_2265670b\"><strong>esathm-2607@ladapt.net<\/strong><\/span><\/a><span class=\"_1810dc4b\"> <\/span><span>\ud83d\udc49 Aidez-nous : Un simple partage aide \u00e0 changer des vies !<\/span><\/p>\n<p>[\/et_pb_text][\/et_pb_column_inner][\/et_pb_row_inner][et_pb_row_inner _builder_version=\u00a0\u00bb4.27.4&Prime; _module_preset=\u00a0\u00bbdefault\u00a0\u00bb hover_enabled=\u00a0\u00bb0&Prime; global_colors_info=\u00a0\u00bb{}\u00a0\u00bb theme_builder_area=\u00a0\u00bbpost_content\u00a0\u00bb sticky_enabled=\u00a0\u00bb0&Prime;][et_pb_column_inner saved_specialty_column_type=\u00a0\u00bb2_3&Prime; _builder_version=\u00a0\u00bb4.27.4&Prime; _module_preset=\u00a0\u00bbdefault\u00a0\u00bb global_colors_info=\u00a0\u00bb{}\u00a0\u00bb theme_builder_area=\u00a0\u00bbpost_content\u00a0\u00bb][et_pb_video src=\u00a0\u00bbhttps:\/\/dms.licdn.com\/playlist\/vid\/v2\/D4D05AQFB4sC_j2Wwpw\/mp4-640p-30fp-crf28\/B4DZ2LOLqxKIBw-\/0\/1776157264851?e=1776772800&#038;v=beta&#038;t=xZGJhg2K7mzTfx4RSDKv_VtJq-NTnma8blHliGmsm_c\u00a0\u00bb _builder_version=\u00a0\u00bb4.27.4&Prime; _module_preset=\u00a0\u00bbdefault\u00a0\u00bb theme_builder_area=\u00a0\u00bbpost_content\u00a0\u00bb hover_enabled=\u00a0\u00bb0&Prime; sticky_enabled=\u00a0\u00bb0&Prime;][\/et_pb_video][\/et_pb_column_inner][\/et_pb_row_inner][et_pb_row_inner _builder_version=\u00a0\u00bb4.19.5&Prime; _module_preset=\u00a0\u00bbdefault\u00a0\u00bb custom_padding=\u00a0\u00bb||0px|||\u00a0\u00bb global_colors_info=\u00a0\u00bb{}\u00a0\u00bb theme_builder_area=\u00a0\u00bbpost_content\u00a0\u00bb][et_pb_column_inner saved_specialty_column_type=\u00a0\u00bb2_3&Prime; _builder_version=\u00a0\u00bb4.19.5&Prime; _module_preset=\u00a0\u00bbdefault\u00a0\u00bb global_colors_info=\u00a0\u00bb{}\u00a0\u00bb theme_builder_area=\u00a0\u00bbpost_content\u00a0\u00bb][et_pb_blurb use_icon=\u00a0\u00bbon\u00a0\u00bb font_icon=\u00a0\u00bb&#x46;||divi||400&Prime; icon_color=\u00a0\u00bb#FE6400&Prime; image_icon_width=\u00a0\u00bb58px\u00a0\u00bb module_class=\u00a0\u00bbRetun-to-top\u00a0\u00bb _builder_version=\u00a0\u00bb4.19.5&Prime; _module_preset=\u00a0\u00bbdefault\u00a0\u00bb transform_scale=\u00a0\u00bb60%|60%\u00a0\u00bb positioning=\u00a0\u00bbfixed\u00a0\u00bb position_origin_f=\u00a0\u00bbbottom_right\u00a0\u00bb link_option_url=\u00a0\u00bb#return-to-top\u00a0\u00bb global_colors_info=\u00a0\u00bb{}\u00a0\u00bb theme_builder_area=\u00a0\u00bbpost_content\u00a0\u00bb][\/et_pb_blurb][\/et_pb_column_inner][\/et_pb_row_inner][et_pb_row_inner _builder_version=\u00a0\u00bb4.27.2&Prime; _module_preset=\u00a0\u00bbdefault\u00a0\u00bb global_colors_info=\u00a0\u00bb{}\u00a0\u00bb theme_builder_area=\u00a0\u00bbpost_content\u00a0\u00bb][et_pb_column_inner saved_specialty_column_type=\u00a0\u00bb2_3&Prime; _builder_version=\u00a0\u00bb4.27.2&Prime; _module_preset=\u00a0\u00bbdefault\u00a0\u00bb global_colors_info=\u00a0\u00bb{}\u00a0\u00bb theme_builder_area=\u00a0\u00bbpost_content\u00a0\u00bb][\/et_pb_column_inner][\/et_pb_row_inner][\/et_pb_column][\/et_pb_section]<\/p>\n","protected":false},"excerpt":{"rendered":"<p>L&rsquo;inclusion, c&rsquo;est maintenant ! \ud83d\ude80Vous cherchez \u00e0 recruter autrement ? Le dispositif ESAT Hors-murs de LADAPT Dr\u00f4me Ard\u00e8che vous accompagne pour int\u00e9grer des talents motiv\u00e9s directement dans vos locaux.\u2705 Les avantages :Des profils form\u00e9s et accompagn\u00e9s.Un renforcement concret de votre politique RSE.Un accompagnement sur mesure pour l&rsquo;entreprise.\ud83c\udfa5 D\u00e9couvrez notre approche en moins de 2 minutes !\ud83d\udce9 Contact : esathm-2607@ladapt.net \ud83d\udc49 Aidez-nous : Un simple partage aide \u00e0 changer des vies !<\/p>\n","protected":false},"author":1,"featured_media":0,"comment_status":"closed","ping_status":"open","sticky":false,"template":"","format":"standard","meta":{"_et_pb_use_builder":"on","_et_pb_old_content":"","_et_gb_content_width":"","footnotes":""},"categories":[11],"tags":[],"class_list":["post-3086","post","type-post","status-publish","format-standard","hentry","category-actualites"],"yoast_head":"<!-- This site is optimized with the Yoast SEO plugin v27.5 - https:\/\/yoast.com\/product\/yoast-seo-wordpress\/ -->\n<title>Inclusion emploi | LADAPT - Le Collectif Dr\u00f4me Handicap<\/title>\n<meta name=\"robots\" content=\"index, follow, max-snippet:-1, max-image-preview:large, max-video-preview:-1\" \/>\n<link rel=\"canonical\" href=\"https:\/\/www.collectifdromehandicap.fr\/?p=3086\" \/>\n<meta property=\"og:locale\" content=\"fr_FR\" \/>\n<meta property=\"og:type\" content=\"article\" \/>\n<meta property=\"og:title\" content=\"Inclusion emploi | LADAPT - Le Collectif Dr\u00f4me Handicap\" \/>\n<meta property=\"og:description\" content=\"L&#039;inclusion, c&#039;est maintenant ! \ud83d\ude80Vous cherchez \u00e0 recruter autrement ? Le dispositif ESAT Hors-murs de LADAPT Dr\u00f4me Ard\u00e8che vous accompagne pour int\u00e9grer des talents motiv\u00e9s directement dans vos locaux.\u2705 Les avantages :Des profils form\u00e9s et accompagn\u00e9s.Un renforcement concret de votre politique RSE.Un accompagnement sur mesure pour l&#039;entreprise.\ud83c\udfa5 D\u00e9couvrez notre approche en moins de 2 minutes !\ud83d\udce9 Contact : esathm-2607@ladapt.net \ud83d\udc49 Aidez-nous : Un simple partage aide \u00e0 changer des vies !\" \/>\n<meta property=\"og:url\" content=\"https:\/\/www.collectifdromehandicap.fr\/?p=3086\" \/>\n<meta property=\"og:site_name\" content=\"Le Collectif Dr\u00f4me Handicap\" \/>\n<meta property=\"article:published_time\" content=\"2026-04-14T11:47:07+00:00\" \/>\n<meta property=\"article:modified_time\" content=\"2026-04-14T14:34:54+00:00\" \/>\n<meta name=\"author\" content=\"CDH\" \/>\n<meta name=\"twitter:card\" content=\"summary_large_image\" \/>\n<meta name=\"twitter:label1\" content=\"\u00c9crit par\" \/>\n\t<meta name=\"twitter:data1\" content=\"CDH\" \/>\n<script type=\"application\/ld+json\" class=\"yoast-schema-graph\">{\"@context\":\"https:\\\/\\\/schema.org\",\"@graph\":[{\"@type\":\"Article\",\"@id\":\"https:\\\/\\\/www.collectifdromehandicap.fr\\\/?p=3086#article\",\"isPartOf\":{\"@id\":\"https:\\\/\\\/www.collectifdromehandicap.fr\\\/?p=3086\"},\"author\":{\"name\":\"CDH\",\"@id\":\"https:\\\/\\\/www.collectifdromehandicap.fr\\\/#\\\/schema\\\/person\\\/f501dbba682e3fd3862f2d9a019805f9\"},\"headline\":\"Inclusion emploi | LADAPT\",\"datePublished\":\"2026-04-14T11:47:07+00:00\",\"dateModified\":\"2026-04-14T14:34:54+00:00\",\"mainEntityOfPage\":{\"@id\":\"https:\\\/\\\/www.collectifdromehandicap.fr\\\/?p=3086\"},\"wordCount\":768,\"publisher\":{\"@id\":\"https:\\\/\\\/www.collectifdromehandicap.fr\\\/#organization\"},\"articleSection\":[\"Actualit\u00e9s\"],\"inLanguage\":\"fr-FR\"},{\"@type\":\"WebPage\",\"@id\":\"https:\\\/\\\/www.collectifdromehandicap.fr\\\/?p=3086\",\"url\":\"https:\\\/\\\/www.collectifdromehandicap.fr\\\/?p=3086\",\"name\":\"Inclusion emploi | LADAPT - Le Collectif Dr\u00f4me Handicap\",\"isPartOf\":{\"@id\":\"https:\\\/\\\/www.collectifdromehandicap.fr\\\/#website\"},\"datePublished\":\"2026-04-14T11:47:07+00:00\",\"dateModified\":\"2026-04-14T14:34:54+00:00\",\"breadcrumb\":{\"@id\":\"https:\\\/\\\/www.collectifdromehandicap.fr\\\/?p=3086#breadcrumb\"},\"inLanguage\":\"fr-FR\",\"potentialAction\":[{\"@type\":\"ReadAction\",\"target\":[\"https:\\\/\\\/www.collectifdromehandicap.fr\\\/?p=3086\"]}]},{\"@type\":\"BreadcrumbList\",\"@id\":\"https:\\\/\\\/www.collectifdromehandicap.fr\\\/?p=3086#breadcrumb\",\"itemListElement\":[{\"@type\":\"ListItem\",\"position\":1,\"name\":\"Accueil\",\"item\":\"https:\\\/\\\/www.collectifdromehandicap.fr\\\/\"},{\"@type\":\"ListItem\",\"position\":2,\"name\":\"Inclusion emploi | LADAPT\"}]},{\"@type\":\"WebSite\",\"@id\":\"https:\\\/\\\/www.collectifdromehandicap.fr\\\/#website\",\"url\":\"https:\\\/\\\/www.collectifdromehandicap.fr\\\/\",\"name\":\"Le Collectif Dr\u00f4me Handicap\",\"description\":\"Un groupement qui fait bouger les lignes du handicap\",\"publisher\":{\"@id\":\"https:\\\/\\\/www.collectifdromehandicap.fr\\\/#organization\"},\"potentialAction\":[{\"@type\":\"SearchAction\",\"target\":{\"@type\":\"EntryPoint\",\"urlTemplate\":\"https:\\\/\\\/www.collectifdromehandicap.fr\\\/?s={search_term_string}\"},\"query-input\":{\"@type\":\"PropertyValueSpecification\",\"valueRequired\":true,\"valueName\":\"search_term_string\"}}],\"inLanguage\":\"fr-FR\"},{\"@type\":\"Organization\",\"@id\":\"https:\\\/\\\/www.collectifdromehandicap.fr\\\/#organization\",\"name\":\"Le Collectif Dr\u00f4me Handicap\",\"url\":\"https:\\\/\\\/www.collectifdromehandicap.fr\\\/\",\"logo\":{\"@type\":\"ImageObject\",\"inLanguage\":\"fr-FR\",\"@id\":\"https:\\\/\\\/www.collectifdromehandicap.fr\\\/#\\\/schema\\\/logo\\\/image\\\/\",\"url\":\"https:\\\/\\\/www.collectifdromehandicap.fr\\\/wp-content\\\/uploads\\\/2023\\\/02\\\/logo-cdh.png\",\"contentUrl\":\"https:\\\/\\\/www.collectifdromehandicap.fr\\\/wp-content\\\/uploads\\\/2023\\\/02\\\/logo-cdh.png\",\"width\":1059,\"height\":304,\"caption\":\"Le Collectif Dr\u00f4me Handicap\"},\"image\":{\"@id\":\"https:\\\/\\\/www.collectifdromehandicap.fr\\\/#\\\/schema\\\/logo\\\/image\\\/\"}},{\"@type\":\"Person\",\"@id\":\"https:\\\/\\\/www.collectifdromehandicap.fr\\\/#\\\/schema\\\/person\\\/f501dbba682e3fd3862f2d9a019805f9\",\"name\":\"CDH\",\"image\":{\"@type\":\"ImageObject\",\"inLanguage\":\"fr-FR\",\"@id\":\"https:\\\/\\\/secure.gravatar.com\\\/avatar\\\/810aa66cd2a247965f4ce7b0a145e4de1f0e81e5102738890bf9e37af007f016?s=96&d=mm&r=g\",\"url\":\"https:\\\/\\\/secure.gravatar.com\\\/avatar\\\/810aa66cd2a247965f4ce7b0a145e4de1f0e81e5102738890bf9e37af007f016?s=96&d=mm&r=g\",\"contentUrl\":\"https:\\\/\\\/secure.gravatar.com\\\/avatar\\\/810aa66cd2a247965f4ce7b0a145e4de1f0e81e5102738890bf9e37af007f016?s=96&d=mm&r=g\",\"caption\":\"CDH\"},\"sameAs\":[\"https:\\\/\\\/www.collectifdromehandicap.fr\"],\"url\":\"https:\\\/\\\/www.collectifdromehandicap.fr\\\/?author=1\"}]}<\/script>\n<!-- \/ Yoast SEO plugin. -->","yoast_head_json":{"title":"Inclusion emploi | LADAPT - Le Collectif Dr\u00f4me Handicap","robots":{"index":"index","follow":"follow","max-snippet":"max-snippet:-1","max-image-preview":"max-image-preview:large","max-video-preview":"max-video-preview:-1"},"canonical":"https:\/\/www.collectifdromehandicap.fr\/?p=3086","og_locale":"fr_FR","og_type":"article","og_title":"Inclusion emploi | LADAPT - Le Collectif Dr\u00f4me Handicap","og_description":"L'inclusion, c'est maintenant ! \ud83d\ude80Vous cherchez \u00e0 recruter autrement ? Le dispositif ESAT Hors-murs de LADAPT Dr\u00f4me Ard\u00e8che vous accompagne pour int\u00e9grer des talents motiv\u00e9s directement dans vos locaux.\u2705 Les avantages :Des profils form\u00e9s et accompagn\u00e9s.Un renforcement concret de votre politique RSE.Un accompagnement sur mesure pour l'entreprise.\ud83c\udfa5 D\u00e9couvrez notre approche en moins de 2 minutes !\ud83d\udce9 Contact : esathm-2607@ladapt.net \ud83d\udc49 Aidez-nous : Un simple partage aide \u00e0 changer des vies !","og_url":"https:\/\/www.collectifdromehandicap.fr\/?p=3086","og_site_name":"Le Collectif Dr\u00f4me Handicap","article_published_time":"2026-04-14T11:47:07+00:00","article_modified_time":"2026-04-14T14:34:54+00:00","author":"CDH","twitter_card":"summary_large_image","twitter_misc":{"\u00c9crit par":"CDH"},"schema":{"@context":"https:\/\/schema.org","@graph":[{"@type":"Article","@id":"https:\/\/www.collectifdromehandicap.fr\/?p=3086#article","isPartOf":{"@id":"https:\/\/www.collectifdromehandicap.fr\/?p=3086"},"author":{"name":"CDH","@id":"https:\/\/www.collectifdromehandicap.fr\/#\/schema\/person\/f501dbba682e3fd3862f2d9a019805f9"},"headline":"Inclusion emploi | LADAPT","datePublished":"2026-04-14T11:47:07+00:00","dateModified":"2026-04-14T14:34:54+00:00","mainEntityOfPage":{"@id":"https:\/\/www.collectifdromehandicap.fr\/?p=3086"},"wordCount":768,"publisher":{"@id":"https:\/\/www.collectifdromehandicap.fr\/#organization"},"articleSection":["Actualit\u00e9s"],"inLanguage":"fr-FR"},{"@type":"WebPage","@id":"https:\/\/www.collectifdromehandicap.fr\/?p=3086","url":"https:\/\/www.collectifdromehandicap.fr\/?p=3086","name":"Inclusion emploi | LADAPT - Le Collectif Dr\u00f4me Handicap","isPartOf":{"@id":"https:\/\/www.collectifdromehandicap.fr\/#website"},"datePublished":"2026-04-14T11:47:07+00:00","dateModified":"2026-04-14T14:34:54+00:00","breadcrumb":{"@id":"https:\/\/www.collectifdromehandicap.fr\/?p=3086#breadcrumb"},"inLanguage":"fr-FR","potentialAction":[{"@type":"ReadAction","target":["https:\/\/www.collectifdromehandicap.fr\/?p=3086"]}]},{"@type":"BreadcrumbList","@id":"https:\/\/www.collectifdromehandicap.fr\/?p=3086#breadcrumb","itemListElement":[{"@type":"ListItem","position":1,"name":"Accueil","item":"https:\/\/www.collectifdromehandicap.fr\/"},{"@type":"ListItem","position":2,"name":"Inclusion emploi | LADAPT"}]},{"@type":"WebSite","@id":"https:\/\/www.collectifdromehandicap.fr\/#website","url":"https:\/\/www.collectifdromehandicap.fr\/","name":"Le Collectif Dr\u00f4me Handicap","description":"Un groupement qui fait bouger les lignes du handicap","publisher":{"@id":"https:\/\/www.collectifdromehandicap.fr\/#organization"},"potentialAction":[{"@type":"SearchAction","target":{"@type":"EntryPoint","urlTemplate":"https:\/\/www.collectifdromehandicap.fr\/?s={search_term_string}"},"query-input":{"@type":"PropertyValueSpecification","valueRequired":true,"valueName":"search_term_string"}}],"inLanguage":"fr-FR"},{"@type":"Organization","@id":"https:\/\/www.collectifdromehandicap.fr\/#organization","name":"Le Collectif Dr\u00f4me Handicap","url":"https:\/\/www.collectifdromehandicap.fr\/","logo":{"@type":"ImageObject","inLanguage":"fr-FR","@id":"https:\/\/www.collectifdromehandicap.fr\/#\/schema\/logo\/image\/","url":"https:\/\/www.collectifdromehandicap.fr\/wp-content\/uploads\/2023\/02\/logo-cdh.png","contentUrl":"https:\/\/www.collectifdromehandicap.fr\/wp-content\/uploads\/2023\/02\/logo-cdh.png","width":1059,"height":304,"caption":"Le Collectif Dr\u00f4me Handicap"},"image":{"@id":"https:\/\/www.collectifdromehandicap.fr\/#\/schema\/logo\/image\/"}},{"@type":"Person","@id":"https:\/\/www.collectifdromehandicap.fr\/#\/schema\/person\/f501dbba682e3fd3862f2d9a019805f9","name":"CDH","image":{"@type":"ImageObject","inLanguage":"fr-FR","@id":"https:\/\/secure.gravatar.com\/avatar\/810aa66cd2a247965f4ce7b0a145e4de1f0e81e5102738890bf9e37af007f016?s=96&d=mm&r=g","url":"https:\/\/secure.gravatar.com\/avatar\/810aa66cd2a247965f4ce7b0a145e4de1f0e81e5102738890bf9e37af007f016?s=96&d=mm&r=g","contentUrl":"https:\/\/secure.gravatar.com\/avatar\/810aa66cd2a247965f4ce7b0a145e4de1f0e81e5102738890bf9e37af007f016?s=96&d=mm&r=g","caption":"CDH"},"sameAs":["https:\/\/www.collectifdromehandicap.fr"],"url":"https:\/\/www.collectifdromehandicap.fr\/?author=1"}]}},"_links":{"self":[{"href":"https:\/\/www.collectifdromehandicap.fr\/index.php?rest_route=\/wp\/v2\/posts\/3086","targetHints":{"allow":["GET"]}}],"collection":[{"href":"https:\/\/www.collectifdromehandicap.fr\/index.php?rest_route=\/wp\/v2\/posts"}],"about":[{"href":"https:\/\/www.collectifdromehandicap.fr\/index.php?rest_route=\/wp\/v2\/types\/post"}],"author":[{"embeddable":true,"href":"https:\/\/www.collectifdromehandicap.fr\/index.php?rest_route=\/wp\/v2\/users\/1"}],"replies":[{"embeddable":true,"href":"https:\/\/www.collectifdromehandicap.fr\/index.php?rest_route=%2Fwp%2Fv2%2Fcomments&post=3086"}],"version-history":[{"count":2,"href":"https:\/\/www.collectifdromehandicap.fr\/index.php?rest_route=\/wp\/v2\/posts\/3086\/revisions"}],"predecessor-version":[{"id":3089,"href":"https:\/\/www.collectifdromehandicap.fr\/index.php?rest_route=\/wp\/v2\/posts\/3086\/revisions\/3089"}],"wp:attachment":[{"href":"https:\/\/www.collectifdromehandicap.fr\/index.php?rest_route=%2Fwp%2Fv2%2Fmedia&parent=3086"}],"wp:term":[{"taxonomy":"category","embeddable":true,"href":"https:\/\/www.collectifdromehandicap.fr\/index.php?rest_route=%2Fwp%2Fv2%2Fcategories&post=3086"},{"taxonomy":"post_tag","embeddable":true,"href":"https:\/\/www.collectifdromehandicap.fr\/index.php?rest_route=%2Fwp%2Fv2%2Ftags&post=3086"}],"curies":[{"name":"wp","href":"https:\/\/api.w.org\/{rel}","templated":true}]}}