{"id":3124,"date":"2026-04-27T15:20:56","date_gmt":"2026-04-27T13:20:56","guid":{"rendered":"https:\/\/www.collectifdromehandicap.fr\/?p=3124"},"modified":"2026-04-27T15:22:33","modified_gmt":"2026-04-27T13:22:33","slug":"programme-gratuit-de-webconferences-a-destination-des-aidants-durant-toute-lannee-2026","status":"publish","type":"post","link":"https:\/\/www.collectifdromehandicap.fr\/?p=3124","title":{"rendered":"Programme gratuit de webconf\u00e9rences \u00e0 destination des aidants durant toute l&rsquo;ann\u00e9e 2026"},"content":{"rendered":"<p>[et_pb_section fb_built=\u00a0\u00bb1&Prime; make_equal=\u00a0\u00bbon\u00a0\u00bb use_custom_gutter=\u00a0\u00bbon\u00a0\u00bb gutter_width=\u00a0\u00bb2&Prime; specialty=\u00a0\u00bbon\u00a0\u00bb padding_top_2=\u00a0\u00bb20px\u00a0\u00bb padding_right_2=\u00a0\u00bb5%\u00a0\u00bb padding_2_tablet=\u00a0\u00bb0px|10%||10%||true\u00a0\u00bb padding_2_phone=\u00a0\u00bb\u00a0\u00bb padding_2_last_edited=\u00a0\u00bbon|tablet\u00a0\u00bb module_id=\u00a0\u00bbreturn-to-top\u00a0\u00bb _builder_version=\u00a0\u00bb4.19.5&Prime; inner_width=\u00a0\u00bb100%\u00a0\u00bb inner_max_width=\u00a0\u00bb100%\u00a0\u00bb custom_padding=\u00a0\u00bb15px||0px|||\u00a0\u00bb da_disable_devices=\u00a0\u00bboff|off|off\u00a0\u00bb use_custom_width=\u00a0\u00bbon\u00a0\u00bb width_unit=\u00a0\u00bboff\u00a0\u00bb custom_width_percent=\u00a0\u00bb100%\u00a0\u00bb global_colors_info=\u00a0\u00bb{}\u00a0\u00bb theme_builder_area=\u00a0\u00bbpost_content\u00a0\u00bb da_is_popup=\u00a0\u00bboff\u00a0\u00bb da_exit_intent=\u00a0\u00bboff\u00a0\u00bb da_has_close=\u00a0\u00bbon\u00a0\u00bb da_alt_close=\u00a0\u00bboff\u00a0\u00bb da_dark_close=\u00a0\u00bboff\u00a0\u00bb da_not_modal=\u00a0\u00bbon\u00a0\u00bb da_is_singular=\u00a0\u00bboff\u00a0\u00bb da_with_loader=\u00a0\u00bboff\u00a0\u00bb da_has_shadow=\u00a0\u00bbon\u00a0\u00bb][et_pb_column type=\u00a0\u00bb1_3&Prime; admin_label=\u00a0\u00bbColonne\u00a0\u00bb _builder_version=\u00a0\u00bb4.16&Prime; custom_padding=\u00a0\u00bb|||\u00a0\u00bb global_colors_info=\u00a0\u00bb{}\u00a0\u00bb custom_padding__hover=\u00a0\u00bb|||\u00a0\u00bb theme_builder_area=\u00a0\u00bbpost_content\u00a0\u00bb][et_pb_image src=\u00a0\u00bbhttps:\/\/www.collectifdromehandicap.fr\/wp-content\/uploads\/2026\/04\/logo-happy-visio.png\u00a0\u00bb alt=\u00a0\u00bbLa Dr\u00f4me\u00a0\u00bb title_text=\u00a0\u00bblogo happy visio\u00a0\u00bb show_in_lightbox=\u00a0\u00bbon\u00a0\u00bb force_fullwidth=\u00a0\u00bbon\u00a0\u00bb align_tablet=\u00a0\u00bbcenter\u00a0\u00bb align_phone=\u00a0\u00bbcenter\u00a0\u00bb align_last_edited=\u00a0\u00bbon|desktop\u00a0\u00bb module_class=\u00a0\u00bbcentrer-verticalement\u00a0\u00bb _builder_version=\u00a0\u00bb4.27.4&Prime; custom_margin=\u00a0\u00bb|||\u00a0\u00bb custom_padding=\u00a0\u00bb|||\u00a0\u00bb animation_style=\u00a0\u00bbslide\u00a0\u00bb animation_direction=\u00a0\u00bbright\u00a0\u00bb animation_intensity_slide=\u00a0\u00bb5%\u00a0\u00bb hover_enabled=\u00a0\u00bb0&Prime; border_radii=\u00a0\u00bboff|0vw|0vw|0vw|0vw\u00a0\u00bb border_color_all=\u00a0\u00bbRGBA(255,255,255,0)\u00a0\u00bb border_style_all=\u00a0\u00bbnone\u00a0\u00bb border_width_bottom=\u00a0\u00bb2vw\u00a0\u00bb box_shadow_style=\u00a0\u00bbpreset2&Prime; box_shadow_color=\u00a0\u00bbrgba(102,141,186,0.7)\u00a0\u00bb locked=\u00a0\u00bboff\u00a0\u00bb global_colors_info=\u00a0\u00bb{}\u00a0\u00bb theme_builder_area=\u00a0\u00bbpost_content\u00a0\u00bb sticky_enabled=\u00a0\u00bb0&Prime;][\/et_pb_image][\/et_pb_column][et_pb_column type=\u00a0\u00bb2_3&Prime; specialty_columns=\u00a0\u00bb2&Prime; _builder_version=\u00a0\u00bb4.16&Prime; custom_padding=\u00a0\u00bb|||\u00a0\u00bb global_colors_info=\u00a0\u00bb{}\u00a0\u00bb padding_tablet=\u00a0\u00bb0px|10%||10%||true\u00a0\u00bb padding_last_edited=\u00a0\u00bbon|tablet\u00a0\u00bb custom_padding__hover=\u00a0\u00bb|||\u00a0\u00bb padding_phone=\u00a0\u00bb0px|10%||10%||true\u00a0\u00bb theme_builder_area=\u00a0\u00bbpost_content\u00a0\u00bb][et_pb_row_inner module_id=\u00a0\u00bbreturn-to-top\u00a0\u00bb module_class=\u00a0\u00bbcentrer-verticalement\u00a0\u00bb _builder_version=\u00a0\u00bb4.21.0&Prime; custom_padding=\u00a0\u00bb31.6px|0px|0|0px|false|false\u00a0\u00bb global_colors_info=\u00a0\u00bb{}\u00a0\u00bb theme_builder_area=\u00a0\u00bbpost_content\u00a0\u00bb][et_pb_column_inner saved_specialty_column_type=\u00a0\u00bb2_3&Prime; _builder_version=\u00a0\u00bb4.16&Prime; custom_padding=\u00a0\u00bb|||\u00a0\u00bb global_colors_info=\u00a0\u00bb{}\u00a0\u00bb custom_padding__hover=\u00a0\u00bb|||\u00a0\u00bb theme_builder_area=\u00a0\u00bbpost_content\u00a0\u00bb][et_pb_icon font_icon=\u00a0\u00bb&#xf4c4;||fa||900&Prime; icon_color=\u00a0\u00bb#fe6400&Prime; icon_width=\u00a0\u00bb70px\u00a0\u00bb align=\u00a0\u00bbleft\u00a0\u00bb _builder_version=\u00a0\u00bb4.27.4&Prime; _module_preset=\u00a0\u00bbdefault\u00a0\u00bb transform_scale=\u00a0\u00bb68%|68%\u00a0\u00bb custom_margin=\u00a0\u00bb|377px||||\u00a0\u00bb custom_padding=\u00a0\u00bb|||4px||\u00a0\u00bb global_colors_info=\u00a0\u00bb{}\u00a0\u00bb theme_builder_area=\u00a0\u00bbpost_content\u00a0\u00bb][\/et_pb_icon][\/et_pb_column_inner][\/et_pb_row_inner][et_pb_row_inner _builder_version=\u00a0\u00bb4.27.4&Prime; _module_preset=\u00a0\u00bbdefault\u00a0\u00bb custom_padding=\u00a0\u00bb13px|||||\u00a0\u00bb global_colors_info=\u00a0\u00bb{}\u00a0\u00bb theme_builder_area=\u00a0\u00bbpost_content\u00a0\u00bb][et_pb_column_inner saved_specialty_column_type=\u00a0\u00bb2_3&Prime; _builder_version=\u00a0\u00bb4.27.4&Prime; _module_preset=\u00a0\u00bbdefault\u00a0\u00bb global_colors_info=\u00a0\u00bb{}\u00a0\u00bb theme_builder_area=\u00a0\u00bbpost_content\u00a0\u00bb][et_pb_text _builder_version=\u00a0\u00bb4.27.4&Prime; _module_preset=\u00a0\u00bbdefault\u00a0\u00bb custom_padding=\u00a0\u00bb||3px|||\u00a0\u00bb hover_enabled=\u00a0\u00bb0&Prime; global_colors_info=\u00a0\u00bb{}\u00a0\u00bb theme_builder_area=\u00a0\u00bbpost_content\u00a0\u00bb sticky_enabled=\u00a0\u00bb0&Prime;]<\/p>\n<p data-pm-slice=\"1 1 []\" style=\"text-align: justify;\">Avec le soutien de la <strong>Commission des financeurs de la Dr\u00f4me et en collaboration avec la Plateforme de R\u00e9pit de l&rsquo;EPHAD les C\u00e8dres \u00e0 Valence,<\/strong> les usagers de la Dr\u00f4me b\u00e9n\u00e9ficient gratuitement du programme de webconf\u00e9rences \u00e0 destination des aidants durant toute l&rsquo;ann\u00e9e 2026.<\/p>\n<p style=\"text-align: justify;\">Celui-ci est compos\u00e9 de 50 webconf\u00e9rences traitant des 4 th\u00e9matiques suivantes :<\/p>\n<ul>\n<li style=\"text-align: justify;\">prendre soin de soi,<\/li>\n<li style=\"text-align: justify;\">prendre soin de l&rsquo;autre,<\/li>\n<li style=\"text-align: justify;\">conna\u00eetre les pathologies,<\/li>\n<li style=\"text-align: justify;\">s&#8217;emparer des ressources d&rsquo;aides aux aidants.<\/li>\n<\/ul>\n<p style=\"text-align: justify;\">Il inclut en compl\u00e9ment des groupes de paroles, des s\u00e9ances d&rsquo;art-th\u00e9rapie et de de sophrologie.<\/p>\n<p style=\"text-align: justify;\">Il vous est propos\u00e9 de d\u00e9couvrir les contenus de ce programme et de vous inscrire en quelques clics <a target=\"_blank\" rel=\"noopener noreferrer nofollow\" href=\"https:\/\/d12w-k04.na1.hs-sales-engage.com\/Ctc\/2M+23284\/d12w-K04\/Jll2-6qcW7Y8-PT6lZ3n-W1RfC7s4jrdz_W60nLt64pw7h_VFRlXG35-BZ9W6vqRw16TpSbfW2hTcFk67BB_lW2fyMX_43vSnRW5hRHdX4K-32QN21KQf8Zp0SpW4Fh3RD3PJqDKW7M83xp4pXb3VW3sdtMH13n2KbW196ZbW4DKYyhW57XH8l4nl74nW2zmV-38R9wVLW5tdQhy61hMXwW358xw44Wdw24Vm_ppn1df-kdW2dXMHq56gZlmN1FgHN5tVwwDW1TNgSy6q87BwW2NjkLj4H3xFFW88y8mv3zTb71W8JVmVp4x1hz1W40LPql2J7BHyVR95_Y9kK5NZW1FX4Hj5FpW_6dYthN604\"><strong>par ici<\/strong>.<\/a><\/p>\n<p style=\"text-align: justify;\">Vous pouvez \u00e9galement t\u00e9l\u00e9charger <strong><a target=\"_blank\" rel=\"noopener noreferrer nofollow\" href=\"https:\/\/d12w-k04.na1.hs-sales-engage.com\/Ctc\/2M+23284\/d12w-K04\/JlY2-6qcW95jsWP6lZ3lkVXbNGd2BQ4jBF57p3LSR5D7W5WWWny8wm28bW6gvwwp60vsG-W2bDKjD3XZ2MYW7D9PLd8dZLRbW60c_yf79nHrLW1v9FD-74Ty0zW3C3q363NGwg7W8VCD1q55gr29W72yymn70wgvMW5S2QvD6-8n84W5sCQTj8N7X6KN2s2tJdJ9dZsV5BVVp9jt1ZcW7Q-xLJ3R7XzQW2hbss045Qb6JVx92kG4YWWvgW9bVyh280qXckW8kjw1h3p9vzCV9HVNz8JL0MDW19Y-d22TkcjjW69LWy972Cb7gW42RYtf6gBcBDW2qW7c958yC7BVsg7541Gs7T-W8b63pP7xJj0tW6rh_lT6M2CGfVK5d1Q8D0HzyW5hSCjk8LNSGRf7bfmsd04\">ici<\/a><\/strong> la version PDF.<\/p>\n<p style=\"text-align: justify;\">Sur le territoire de la Dr\u00f4me, des webconf\u00e9rences en faveur des seniors financ\u00e9es par <strong>Atout Pr\u00e9vention<\/strong> sont \u00e9galement disponibles. Retrouver la brochure en cliquant sur <a target=\"_blank\" rel=\"noopener noreferrer nofollow\" href=\"https:\/\/d12w-k04.na1.hs-sales-engage.com\/Ctc\/2M+23284\/d12w-K04\/JlY2-6qcW95jsWP6lZ3l9W2KQVNC67W0HVN5d7XmmVZ1ssW5kGdR-4k-wb7M283q-tVk04W5Gnm6d3xKKD8W9hcs9s1d4_s8W94-6lk9c7r2DW1BRYV92BfHpKW2x05Xz7CR1GPVWfT9f2s4SN9W37pmQr3SZ0s1VDYKz76X5ylHW8F-WTq81PyR_W3FwwKR3_RnVvV8Jgd-933nhxW2MVFnF342hxPW3xHfQz2sjkRwW1zgGws4FgXryW17nxDB4gKpwXW6_7TQ599X8JjW2HhnG28FnPrWW1FChTD5LThYcVmXj0l8cj20xW7nVvMl3QQ2h-W5m7pM898h_m5W92cCft1KPdTxW2NlFGp3N4vzDN6nvkKpl9rZ1W2sQQ125T9kq0VQZ-GG6HHcwDf5HdYn004\"><strong>ce lien<\/strong>.<\/a><\/p>\n<p style=\"text-align: justify;\">Pour vous accompagner au mieux dans l&rsquo;utilisation de cette plateforme, la meilleure solution est de pr\u00e9voir un \u00e9change ensemble, en visio. Pour cela, vous pouvez prendre rendez-vous directement dans mon <a target=\"_blank\" rel=\"noopener noreferrer nofollow\" href=\"https:\/\/d12w-k04.na1.hs-sales-engage.com\/Ctc\/2M+23284\/d12w-K04\/JkM2-6qcW6N1vHY6lZ3llW70zQv96HZHvbW1nmy662mwnkpW8-Wm5l4rq05VW59V4J12KZTV4W6LPj8P2L_Xz2W2D7qbr1Q5d6tW4B_kz87g-kN9W8gJw5V6flL88VjrrsW12t0CSW6bMJ2V5DSZwqVWgKpV9fnmr4VNr_PR6S9zzsW7Gd24Q34r683VN5cQc7GfmhLW4V8KGV3r-F8mW7g7dJN5kQbmGVYT5Ys6nSkTSW2JQ_474_jFQ7W87Gc1q4BD12PW1LGhFC1JGDCfW8-cQJW3pKqD0W3FpBsz7_zFBvf7cyFHs04\"><strong>agenda<\/strong>.<\/a><\/p>\n<p style=\"text-align: justify;\"><strong>Pauline Ronzy<br \/><\/strong><strong>07.64.15.97.87<br \/><\/strong>Charg\u00e9e des programmes seniors &amp; aidants<\/p>\n<p>[\/et_pb_text][\/et_pb_column_inner][\/et_pb_row_inner][et_pb_row_inner _builder_version=\u00a0\u00bb4.19.5&Prime; _module_preset=\u00a0\u00bbdefault\u00a0\u00bb custom_padding=\u00a0\u00bb||0px|||\u00a0\u00bb global_colors_info=\u00a0\u00bb{}\u00a0\u00bb theme_builder_area=\u00a0\u00bbpost_content\u00a0\u00bb][et_pb_column_inner saved_specialty_column_type=\u00a0\u00bb2_3&Prime; _builder_version=\u00a0\u00bb4.19.5&Prime; _module_preset=\u00a0\u00bbdefault\u00a0\u00bb global_colors_info=\u00a0\u00bb{}\u00a0\u00bb theme_builder_area=\u00a0\u00bbpost_content\u00a0\u00bb][et_pb_blurb use_icon=\u00a0\u00bbon\u00a0\u00bb font_icon=\u00a0\u00bb&#x46;||divi||400&Prime; icon_color=\u00a0\u00bb#FE6400&Prime; image_icon_width=\u00a0\u00bb58px\u00a0\u00bb module_class=\u00a0\u00bbRetun-to-top\u00a0\u00bb _builder_version=\u00a0\u00bb4.19.5&Prime; _module_preset=\u00a0\u00bbdefault\u00a0\u00bb transform_scale=\u00a0\u00bb60%|60%\u00a0\u00bb positioning=\u00a0\u00bbfixed\u00a0\u00bb position_origin_f=\u00a0\u00bbbottom_right\u00a0\u00bb link_option_url=\u00a0\u00bb#return-to-top\u00a0\u00bb global_colors_info=\u00a0\u00bb{}\u00a0\u00bb theme_builder_area=\u00a0\u00bbpost_content\u00a0\u00bb][\/et_pb_blurb][\/et_pb_column_inner][\/et_pb_row_inner][et_pb_row_inner _builder_version=\u00a0\u00bb4.27.2&Prime; _module_preset=\u00a0\u00bbdefault\u00a0\u00bb global_colors_info=\u00a0\u00bb{}\u00a0\u00bb theme_builder_area=\u00a0\u00bbpost_content\u00a0\u00bb][et_pb_column_inner saved_specialty_column_type=\u00a0\u00bb2_3&Prime; _builder_version=\u00a0\u00bb4.27.2&Prime; _module_preset=\u00a0\u00bbdefault\u00a0\u00bb global_colors_info=\u00a0\u00bb{}\u00a0\u00bb theme_builder_area=\u00a0\u00bbpost_content\u00a0\u00bb][\/et_pb_column_inner][\/et_pb_row_inner][\/et_pb_column][\/et_pb_section]<\/p>\n","protected":false},"excerpt":{"rendered":"<p>Avec le soutien de la Commission des financeurs de la Dr\u00f4me et en collaboration avec la Plateforme de R\u00e9pit de l&rsquo;EPHAD les C\u00e8dres \u00e0 Valence, les usagers de la Dr\u00f4me b\u00e9n\u00e9ficient gratuitement du programme de webconf\u00e9rences \u00e0 destination des aidants durant toute l&rsquo;ann\u00e9e 2026. Celui-ci est compos\u00e9 de 50 webconf\u00e9rences traitant des 4 th\u00e9matiques suivantes : prendre soin de soi, prendre soin de l&rsquo;autre, conna\u00eetre les pathologies, s&#8217;emparer des ressources d&rsquo;aides aux aidants. Il inclut en compl\u00e9ment des groupes de paroles, des s\u00e9ances d&rsquo;art-th\u00e9rapie et de de sophrologie. Il vous est propos\u00e9 de d\u00e9couvrir les contenus de ce programme et de vous inscrire en quelques clics par ici. Vous pouvez \u00e9galement t\u00e9l\u00e9charger ici la version PDF. Sur le territoire de la Dr\u00f4me, des webconf\u00e9rences en faveur des seniors financ\u00e9es par Atout Pr\u00e9vention sont \u00e9galement disponibles. Retrouver la brochure en cliquant sur ce lien. Pour vous accompagner au mieux dans l&rsquo;utilisation de cette plateforme, la meilleure solution est de pr\u00e9voir un \u00e9change ensemble, en visio. Pour cela, vous pouvez prendre rendez-vous directement dans mon agenda. Pauline Ronzy07.64.15.97.87Charg\u00e9e des programmes seniors &amp; aidants<\/p>\n","protected":false},"author":1,"featured_media":0,"comment_status":"closed","ping_status":"open","sticky":false,"template":"","format":"standard","meta":{"_et_pb_use_builder":"on","_et_pb_old_content":"","_et_gb_content_width":"","footnotes":""},"categories":[11],"tags":[],"class_list":["post-3124","post","type-post","status-publish","format-standard","hentry","category-actualites"],"yoast_head":"<!-- This site is optimized with the Yoast SEO plugin v27.5 - https:\/\/yoast.com\/product\/yoast-seo-wordpress\/ -->\n<title>Programme gratuit de webconf\u00e9rences \u00e0 destination des aidants durant toute l&#039;ann\u00e9e 2026 - Le Collectif Dr\u00f4me Handicap<\/title>\n<meta name=\"robots\" content=\"index, follow, max-snippet:-1, max-image-preview:large, max-video-preview:-1\" \/>\n<link rel=\"canonical\" href=\"https:\/\/www.collectifdromehandicap.fr\/?p=3124\" \/>\n<meta property=\"og:locale\" content=\"fr_FR\" \/>\n<meta property=\"og:type\" content=\"article\" \/>\n<meta property=\"og:title\" content=\"Programme gratuit de webconf\u00e9rences \u00e0 destination des aidants durant toute l&#039;ann\u00e9e 2026 - Le Collectif Dr\u00f4me Handicap\" \/>\n<meta property=\"og:description\" content=\"Avec le soutien de la Commission des financeurs de la Dr\u00f4me et en collaboration avec la Plateforme de R\u00e9pit de l&#039;EPHAD les C\u00e8dres \u00e0 Valence, les usagers de la Dr\u00f4me b\u00e9n\u00e9ficient gratuitement du programme de webconf\u00e9rences \u00e0 destination des aidants durant toute l&#039;ann\u00e9e 2026. Celui-ci est compos\u00e9 de 50 webconf\u00e9rences traitant des 4 th\u00e9matiques suivantes : prendre soin de soi, prendre soin de l&#039;autre, conna\u00eetre les pathologies, s&#039;emparer des ressources d&#039;aides aux aidants. Il inclut en compl\u00e9ment des groupes de paroles, des s\u00e9ances d&#039;art-th\u00e9rapie et de de sophrologie. Il vous est propos\u00e9 de d\u00e9couvrir les contenus de ce programme et de vous inscrire en quelques clics par ici. Vous pouvez \u00e9galement t\u00e9l\u00e9charger ici la version PDF. Sur le territoire de la Dr\u00f4me, des webconf\u00e9rences en faveur des seniors financ\u00e9es par Atout Pr\u00e9vention sont \u00e9galement disponibles. Retrouver la brochure en cliquant sur ce lien. Pour vous accompagner au mieux dans l&#039;utilisation de cette plateforme, la meilleure solution est de pr\u00e9voir un \u00e9change ensemble, en visio. Pour cela, vous pouvez prendre rendez-vous directement dans mon agenda. Pauline Ronzy07.64.15.97.87Charg\u00e9e des programmes seniors &amp; aidants\" \/>\n<meta property=\"og:url\" content=\"https:\/\/www.collectifdromehandicap.fr\/?p=3124\" \/>\n<meta property=\"og:site_name\" content=\"Le Collectif Dr\u00f4me Handicap\" \/>\n<meta property=\"article:published_time\" content=\"2026-04-27T13:20:56+00:00\" \/>\n<meta property=\"article:modified_time\" content=\"2026-04-27T13:22:33+00:00\" \/>\n<meta name=\"author\" content=\"CDH\" \/>\n<meta name=\"twitter:card\" content=\"summary_large_image\" \/>\n<meta name=\"twitter:label1\" content=\"\u00c9crit par\" \/>\n\t<meta name=\"twitter:data1\" content=\"CDH\" \/>\n<script type=\"application\/ld+json\" class=\"yoast-schema-graph\">{\"@context\":\"https:\\\/\\\/schema.org\",\"@graph\":[{\"@type\":\"Article\",\"@id\":\"https:\\\/\\\/www.collectifdromehandicap.fr\\\/?p=3124#article\",\"isPartOf\":{\"@id\":\"https:\\\/\\\/www.collectifdromehandicap.fr\\\/?p=3124\"},\"author\":{\"name\":\"CDH\",\"@id\":\"https:\\\/\\\/www.collectifdromehandicap.fr\\\/#\\\/schema\\\/person\\\/f501dbba682e3fd3862f2d9a019805f9\"},\"headline\":\"Programme gratuit de webconf\u00e9rences \u00e0 destination des aidants durant toute l&rsquo;ann\u00e9e 2026\",\"datePublished\":\"2026-04-27T13:20:56+00:00\",\"dateModified\":\"2026-04-27T13:22:33+00:00\",\"mainEntityOfPage\":{\"@id\":\"https:\\\/\\\/www.collectifdromehandicap.fr\\\/?p=3124\"},\"wordCount\":808,\"publisher\":{\"@id\":\"https:\\\/\\\/www.collectifdromehandicap.fr\\\/#organization\"},\"articleSection\":[\"Actualit\u00e9s\"],\"inLanguage\":\"fr-FR\"},{\"@type\":\"WebPage\",\"@id\":\"https:\\\/\\\/www.collectifdromehandicap.fr\\\/?p=3124\",\"url\":\"https:\\\/\\\/www.collectifdromehandicap.fr\\\/?p=3124\",\"name\":\"Programme gratuit de webconf\u00e9rences \u00e0 destination des aidants durant toute l'ann\u00e9e 2026 - Le Collectif Dr\u00f4me Handicap\",\"isPartOf\":{\"@id\":\"https:\\\/\\\/www.collectifdromehandicap.fr\\\/#website\"},\"datePublished\":\"2026-04-27T13:20:56+00:00\",\"dateModified\":\"2026-04-27T13:22:33+00:00\",\"breadcrumb\":{\"@id\":\"https:\\\/\\\/www.collectifdromehandicap.fr\\\/?p=3124#breadcrumb\"},\"inLanguage\":\"fr-FR\",\"potentialAction\":[{\"@type\":\"ReadAction\",\"target\":[\"https:\\\/\\\/www.collectifdromehandicap.fr\\\/?p=3124\"]}]},{\"@type\":\"BreadcrumbList\",\"@id\":\"https:\\\/\\\/www.collectifdromehandicap.fr\\\/?p=3124#breadcrumb\",\"itemListElement\":[{\"@type\":\"ListItem\",\"position\":1,\"name\":\"Accueil\",\"item\":\"https:\\\/\\\/www.collectifdromehandicap.fr\\\/\"},{\"@type\":\"ListItem\",\"position\":2,\"name\":\"Programme gratuit de webconf\u00e9rences \u00e0 destination des aidants durant toute l&rsquo;ann\u00e9e 2026\"}]},{\"@type\":\"WebSite\",\"@id\":\"https:\\\/\\\/www.collectifdromehandicap.fr\\\/#website\",\"url\":\"https:\\\/\\\/www.collectifdromehandicap.fr\\\/\",\"name\":\"Le Collectif Dr\u00f4me Handicap\",\"description\":\"Un groupement qui fait bouger les lignes du handicap\",\"publisher\":{\"@id\":\"https:\\\/\\\/www.collectifdromehandicap.fr\\\/#organization\"},\"potentialAction\":[{\"@type\":\"SearchAction\",\"target\":{\"@type\":\"EntryPoint\",\"urlTemplate\":\"https:\\\/\\\/www.collectifdromehandicap.fr\\\/?s={search_term_string}\"},\"query-input\":{\"@type\":\"PropertyValueSpecification\",\"valueRequired\":true,\"valueName\":\"search_term_string\"}}],\"inLanguage\":\"fr-FR\"},{\"@type\":\"Organization\",\"@id\":\"https:\\\/\\\/www.collectifdromehandicap.fr\\\/#organization\",\"name\":\"Le Collectif Dr\u00f4me Handicap\",\"url\":\"https:\\\/\\\/www.collectifdromehandicap.fr\\\/\",\"logo\":{\"@type\":\"ImageObject\",\"inLanguage\":\"fr-FR\",\"@id\":\"https:\\\/\\\/www.collectifdromehandicap.fr\\\/#\\\/schema\\\/logo\\\/image\\\/\",\"url\":\"https:\\\/\\\/www.collectifdromehandicap.fr\\\/wp-content\\\/uploads\\\/2023\\\/02\\\/logo-cdh.png\",\"contentUrl\":\"https:\\\/\\\/www.collectifdromehandicap.fr\\\/wp-content\\\/uploads\\\/2023\\\/02\\\/logo-cdh.png\",\"width\":1059,\"height\":304,\"caption\":\"Le Collectif Dr\u00f4me Handicap\"},\"image\":{\"@id\":\"https:\\\/\\\/www.collectifdromehandicap.fr\\\/#\\\/schema\\\/logo\\\/image\\\/\"}},{\"@type\":\"Person\",\"@id\":\"https:\\\/\\\/www.collectifdromehandicap.fr\\\/#\\\/schema\\\/person\\\/f501dbba682e3fd3862f2d9a019805f9\",\"name\":\"CDH\",\"image\":{\"@type\":\"ImageObject\",\"inLanguage\":\"fr-FR\",\"@id\":\"https:\\\/\\\/secure.gravatar.com\\\/avatar\\\/810aa66cd2a247965f4ce7b0a145e4de1f0e81e5102738890bf9e37af007f016?s=96&d=mm&r=g\",\"url\":\"https:\\\/\\\/secure.gravatar.com\\\/avatar\\\/810aa66cd2a247965f4ce7b0a145e4de1f0e81e5102738890bf9e37af007f016?s=96&d=mm&r=g\",\"contentUrl\":\"https:\\\/\\\/secure.gravatar.com\\\/avatar\\\/810aa66cd2a247965f4ce7b0a145e4de1f0e81e5102738890bf9e37af007f016?s=96&d=mm&r=g\",\"caption\":\"CDH\"},\"sameAs\":[\"https:\\\/\\\/www.collectifdromehandicap.fr\"],\"url\":\"https:\\\/\\\/www.collectifdromehandicap.fr\\\/?author=1\"}]}<\/script>\n<!-- \/ Yoast SEO plugin. -->","yoast_head_json":{"title":"Programme gratuit de webconf\u00e9rences \u00e0 destination des aidants durant toute l'ann\u00e9e 2026 - Le Collectif Dr\u00f4me Handicap","robots":{"index":"index","follow":"follow","max-snippet":"max-snippet:-1","max-image-preview":"max-image-preview:large","max-video-preview":"max-video-preview:-1"},"canonical":"https:\/\/www.collectifdromehandicap.fr\/?p=3124","og_locale":"fr_FR","og_type":"article","og_title":"Programme gratuit de webconf\u00e9rences \u00e0 destination des aidants durant toute l'ann\u00e9e 2026 - Le Collectif Dr\u00f4me Handicap","og_description":"Avec le soutien de la Commission des financeurs de la Dr\u00f4me et en collaboration avec la Plateforme de R\u00e9pit de l'EPHAD les C\u00e8dres \u00e0 Valence, les usagers de la Dr\u00f4me b\u00e9n\u00e9ficient gratuitement du programme de webconf\u00e9rences \u00e0 destination des aidants durant toute l'ann\u00e9e 2026. Celui-ci est compos\u00e9 de 50 webconf\u00e9rences traitant des 4 th\u00e9matiques suivantes : prendre soin de soi, prendre soin de l'autre, conna\u00eetre les pathologies, s'emparer des ressources d'aides aux aidants. Il inclut en compl\u00e9ment des groupes de paroles, des s\u00e9ances d'art-th\u00e9rapie et de de sophrologie. Il vous est propos\u00e9 de d\u00e9couvrir les contenus de ce programme et de vous inscrire en quelques clics par ici. Vous pouvez \u00e9galement t\u00e9l\u00e9charger ici la version PDF. Sur le territoire de la Dr\u00f4me, des webconf\u00e9rences en faveur des seniors financ\u00e9es par Atout Pr\u00e9vention sont \u00e9galement disponibles. Retrouver la brochure en cliquant sur ce lien. Pour vous accompagner au mieux dans l'utilisation de cette plateforme, la meilleure solution est de pr\u00e9voir un \u00e9change ensemble, en visio. Pour cela, vous pouvez prendre rendez-vous directement dans mon agenda. Pauline Ronzy07.64.15.97.87Charg\u00e9e des programmes seniors &amp; aidants","og_url":"https:\/\/www.collectifdromehandicap.fr\/?p=3124","og_site_name":"Le Collectif Dr\u00f4me Handicap","article_published_time":"2026-04-27T13:20:56+00:00","article_modified_time":"2026-04-27T13:22:33+00:00","author":"CDH","twitter_card":"summary_large_image","twitter_misc":{"\u00c9crit par":"CDH"},"schema":{"@context":"https:\/\/schema.org","@graph":[{"@type":"Article","@id":"https:\/\/www.collectifdromehandicap.fr\/?p=3124#article","isPartOf":{"@id":"https:\/\/www.collectifdromehandicap.fr\/?p=3124"},"author":{"name":"CDH","@id":"https:\/\/www.collectifdromehandicap.fr\/#\/schema\/person\/f501dbba682e3fd3862f2d9a019805f9"},"headline":"Programme gratuit de webconf\u00e9rences \u00e0 destination des aidants durant toute l&rsquo;ann\u00e9e 2026","datePublished":"2026-04-27T13:20:56+00:00","dateModified":"2026-04-27T13:22:33+00:00","mainEntityOfPage":{"@id":"https:\/\/www.collectifdromehandicap.fr\/?p=3124"},"wordCount":808,"publisher":{"@id":"https:\/\/www.collectifdromehandicap.fr\/#organization"},"articleSection":["Actualit\u00e9s"],"inLanguage":"fr-FR"},{"@type":"WebPage","@id":"https:\/\/www.collectifdromehandicap.fr\/?p=3124","url":"https:\/\/www.collectifdromehandicap.fr\/?p=3124","name":"Programme gratuit de webconf\u00e9rences \u00e0 destination des aidants durant toute l'ann\u00e9e 2026 - Le Collectif Dr\u00f4me Handicap","isPartOf":{"@id":"https:\/\/www.collectifdromehandicap.fr\/#website"},"datePublished":"2026-04-27T13:20:56+00:00","dateModified":"2026-04-27T13:22:33+00:00","breadcrumb":{"@id":"https:\/\/www.collectifdromehandicap.fr\/?p=3124#breadcrumb"},"inLanguage":"fr-FR","potentialAction":[{"@type":"ReadAction","target":["https:\/\/www.collectifdromehandicap.fr\/?p=3124"]}]},{"@type":"BreadcrumbList","@id":"https:\/\/www.collectifdromehandicap.fr\/?p=3124#breadcrumb","itemListElement":[{"@type":"ListItem","position":1,"name":"Accueil","item":"https:\/\/www.collectifdromehandicap.fr\/"},{"@type":"ListItem","position":2,"name":"Programme gratuit de webconf\u00e9rences \u00e0 destination des aidants durant toute l&rsquo;ann\u00e9e 2026"}]},{"@type":"WebSite","@id":"https:\/\/www.collectifdromehandicap.fr\/#website","url":"https:\/\/www.collectifdromehandicap.fr\/","name":"Le Collectif Dr\u00f4me Handicap","description":"Un groupement qui fait bouger les lignes du handicap","publisher":{"@id":"https:\/\/www.collectifdromehandicap.fr\/#organization"},"potentialAction":[{"@type":"SearchAction","target":{"@type":"EntryPoint","urlTemplate":"https:\/\/www.collectifdromehandicap.fr\/?s={search_term_string}"},"query-input":{"@type":"PropertyValueSpecification","valueRequired":true,"valueName":"search_term_string"}}],"inLanguage":"fr-FR"},{"@type":"Organization","@id":"https:\/\/www.collectifdromehandicap.fr\/#organization","name":"Le Collectif Dr\u00f4me Handicap","url":"https:\/\/www.collectifdromehandicap.fr\/","logo":{"@type":"ImageObject","inLanguage":"fr-FR","@id":"https:\/\/www.collectifdromehandicap.fr\/#\/schema\/logo\/image\/","url":"https:\/\/www.collectifdromehandicap.fr\/wp-content\/uploads\/2023\/02\/logo-cdh.png","contentUrl":"https:\/\/www.collectifdromehandicap.fr\/wp-content\/uploads\/2023\/02\/logo-cdh.png","width":1059,"height":304,"caption":"Le Collectif Dr\u00f4me Handicap"},"image":{"@id":"https:\/\/www.collectifdromehandicap.fr\/#\/schema\/logo\/image\/"}},{"@type":"Person","@id":"https:\/\/www.collectifdromehandicap.fr\/#\/schema\/person\/f501dbba682e3fd3862f2d9a019805f9","name":"CDH","image":{"@type":"ImageObject","inLanguage":"fr-FR","@id":"https:\/\/secure.gravatar.com\/avatar\/810aa66cd2a247965f4ce7b0a145e4de1f0e81e5102738890bf9e37af007f016?s=96&d=mm&r=g","url":"https:\/\/secure.gravatar.com\/avatar\/810aa66cd2a247965f4ce7b0a145e4de1f0e81e5102738890bf9e37af007f016?s=96&d=mm&r=g","contentUrl":"https:\/\/secure.gravatar.com\/avatar\/810aa66cd2a247965f4ce7b0a145e4de1f0e81e5102738890bf9e37af007f016?s=96&d=mm&r=g","caption":"CDH"},"sameAs":["https:\/\/www.collectifdromehandicap.fr"],"url":"https:\/\/www.collectifdromehandicap.fr\/?author=1"}]}},"_links":{"self":[{"href":"https:\/\/www.collectifdromehandicap.fr\/index.php?rest_route=\/wp\/v2\/posts\/3124","targetHints":{"allow":["GET"]}}],"collection":[{"href":"https:\/\/www.collectifdromehandicap.fr\/index.php?rest_route=\/wp\/v2\/posts"}],"about":[{"href":"https:\/\/www.collectifdromehandicap.fr\/index.php?rest_route=\/wp\/v2\/types\/post"}],"author":[{"embeddable":true,"href":"https:\/\/www.collectifdromehandicap.fr\/index.php?rest_route=\/wp\/v2\/users\/1"}],"replies":[{"embeddable":true,"href":"https:\/\/www.collectifdromehandicap.fr\/index.php?rest_route=%2Fwp%2Fv2%2Fcomments&post=3124"}],"version-history":[{"count":3,"href":"https:\/\/www.collectifdromehandicap.fr\/index.php?rest_route=\/wp\/v2\/posts\/3124\/revisions"}],"predecessor-version":[{"id":3131,"href":"https:\/\/www.collectifdromehandicap.fr\/index.php?rest_route=\/wp\/v2\/posts\/3124\/revisions\/3131"}],"wp:attachment":[{"href":"https:\/\/www.collectifdromehandicap.fr\/index.php?rest_route=%2Fwp%2Fv2%2Fmedia&parent=3124"}],"wp:term":[{"taxonomy":"category","embeddable":true,"href":"https:\/\/www.collectifdromehandicap.fr\/index.php?rest_route=%2Fwp%2Fv2%2Fcategories&post=3124"},{"taxonomy":"post_tag","embeddable":true,"href":"https:\/\/www.collectifdromehandicap.fr\/index.php?rest_route=%2Fwp%2Fv2%2Ftags&post=3124"}],"curies":[{"name":"wp","href":"https:\/\/api.w.org\/{rel}","templated":true}]}}